{"id":2651,"date":"2023-07-15T09:00:25","date_gmt":"2023-07-15T09:00:25","guid":{"rendered":"https:\/\/startersites.io\/blocksy\/blog\/?p=2651"},"modified":"2025-06-28T13:50:24","modified_gmt":"2025-06-28T13:50:24","slug":"dlaczego-przekroczenie-progu-jest-tak-niebezpieczne","status":"publish","type":"post","link":"https:\/\/mojaplaneta.pl\/index.php\/2023\/07\/15\/dlaczego-przekroczenie-progu-jest-tak-niebezpieczne\/","title":{"rendered":"Dlaczego przekroczenie progu 1,5\u00b0C jest tak niebezpieczne? Skutki dla ludzi i przyrody"},"content":{"rendered":"<p>Wyobra\u017a sobie, \u017ce \u015bwiat, kt\u00f3ry znasz, zaczyna si\u0119 zmienia\u0107 szybciej, ni\u017c kiedykolwiek wcze\u015bniej. To nie scenariusz filmu science fiction, lecz rzeczywisto\u015b\u0107, kt\u00f3ra zbli\u017ca si\u0119 do nas z ka\u017cdym kolejnym rokiem. Granica 1,5\u00b0C wzrostu \u015bredniej temperatury na Ziemi wzgl\u0119dem epoki przedprzemys\u0142owej sta\u0142a si\u0119 symbolem nadziei i ostrze\u017cenia jednocze\u015bnie \u2013 to linia, kt\u00f3rej przekroczenie mo\u017ce oznacza\u0107 pocz\u0105tek nieodwracalnych zmian dla ludzi i przyrody.<\/p>\r\n<h2>Czym jest magiczne 1,5\u00b0C?<\/h2>\r\n<p>Dla wielu os\u00f3b 1,5\u00b0C to po prostu liczba. Jednak dla naukowc\u00f3w i aktywist\u00f3w klimatycznych to co\u015b znacznie wi\u0119cej \u2013 to swoisty \u201epr\u00f3g bezpiecze\u0144stwa\u201d, wyznaczony na podstawie setek bada\u0144 i analiz. Wyobra\u017a sobie, \u017ce temperatura Twojego cia\u0142a wzrasta o p\u00f3\u0142tora stopnia \u2013 od razu czujesz si\u0119 gorzej, a Tw\u00f3j organizm zaczyna walczy\u0107 z gor\u0105czk\u0105. Podobnie reaguje nasza planeta. Przekroczenie tej granicy nie oznacza, \u017ce nagle wszystko si\u0119 zawali, ale sprawia, \u017ce ryzyko powa\u017cnych problem\u00f3w ro\u015bnie wyk\u0142adniczo.<\/p>\r\n<!-- \/wp:post-content -->\r\n\r\n<!-- wp:columns --><\/p>\r\n<div class=\"wp-block-columns\"><!-- wp:column -->\r\n<div class=\"wp-block-column\">\r\n<p class=\"my-0\">Mo\u017cna odnie\u015b\u0107 wra\u017cenie, \u017ce sytuacja jest beznadziejna. Jednak nauka daje nam jasny sygna\u0142: ka\u017cde dzia\u0142anie na rzecz ograniczenia emisji gaz\u00f3w cieplarnianych ma znaczenie. Im szybciej przejdziemy na odnawialne \u017ar\u00f3d\u0142a energii, zmienimy nawyki konsumpcyjne i zaczniemy dba\u0107 o \u015brodowisko, tym wi\u0119ksza szansa, \u017ce zatrzymamy si\u0119 przed przekroczeniem niebezpiecznego progu.<\/p>\r\n<p class=\"my-0\">To nie jest wy\u015bcig, w kt\u00f3rym liczy si\u0119 tylko technologia czy polityka \u2013 to tak\u017ce kwestia codziennych wybor\u00f3w ka\u017cdego z nas. Ograniczenie marnowania jedzenia, wyb\u00f3r transportu publicznego, wsparcie dla inicjatyw ekologicznych \u2013 to wszystko sk\u0142ada si\u0119 na wi\u0119ksz\u0105 zmian\u0119.<\/p>\r\n<h2 id=\"przyszo-w-naszych-rkach--jak-moemy-zatrzyma-katast\" class=\"mb-2 mt-6 text-base font-[500] first:mt-0 md:text-lg dark:font-[475] [hr+&amp;]:mt-4\">Przysz\u0142o\u015b\u0107 w naszych r\u0119kach \u2013 jak mo\u017cemy zatrzyma\u0107 katastrof\u0119 klimatyczn\u0105?<\/h2>\r\n<p><!-- \/wp:column -->\r\n\r\n<!-- wp:columns --><\/p>\r\n<div class=\"wp-block-columns\"><!-- wp:column -->\r\n<div class=\"wp-block-column\">Cho\u0107 perspektywa katastrofy klimatycznej mo\u017ce wydawa\u0107 si\u0119 przyt\u0142aczaj\u0105ca, to w\u0142a\u015bnie teraz \u2013 bardziej ni\u017c kiedykolwiek \u2013 przysz\u0142o\u015b\u0107 naszej planety zale\u017cy od wsp\u00f3lnych dzia\u0142a\u0144 ludzko\u015bci. Ka\u017cdy z nas, zar\u00f3wno jako jednostka, jak i cz\u0119\u015b\u0107 wi\u0119kszej spo\u0142eczno\u015bci, ma realny wp\u0142yw na to, czy przekroczymy niebezpieczny pr\u00f3g 1,5\u00b0C, czy te\u017c zdo\u0142amy go unikn\u0105\u0107 i zapewni\u0107 przysz\u0142ym pokoleniom bezpieczniejszy \u015bwiat.<br \/>Zmiana musi nast\u0105pi\u0107 na wszystkich poziomach: od indywidualnych wybor\u00f3w, przez dzia\u0142ania spo\u0142eczno\u015bci lokalnych, po globalne strategie rz\u0105d\u00f3w i biznesu. Kluczowe s\u0105 dwa podej\u015bcia: ograniczanie przyczyn zmian klimatu (tzw. <em>mitigacja<\/em>) oraz adaptacja do ju\u017c zachodz\u0105cych zmian (<em>adaptacja<\/em>).<br \/>\r\n<h3 class=\"mb-xs mt-5 text-base font-[500] first:mt-0 dark:font-[475]\">Co mo\u017cemy zrobi\u0107 jako spo\u0142ecze\u0144stwo i jednostki?<\/h3>\r\n<p class=\"my-0\">Przede wszystkim, musimy radykalnie ograniczy\u0107 emisje gaz\u00f3w cieplarnianych. To oznacza szybkie odej\u015bcie od paliw kopalnych \u2013 w\u0119gla, ropy i gazu \u2013 i przej\u015bcie na czyste \u017ar\u00f3d\u0142a energii, takie jak s\u0142o\u0144ce, wiatr czy energia wodna. Inwestowanie w odnawialne \u017ar\u00f3d\u0142a energii, modernizacja sieci energetycznych oraz poprawa efektywno\u015bci energetycznej budynk\u00f3w i urz\u0105dze\u0144 to dzia\u0142ania, kt\u00f3re mog\u0105 znacz\u0105co zmniejszy\u0107 nasz \u015blad w\u0119glowy.<br \/><br \/>Transport to kolejny obszar, gdzie zmiana ma ogromne znaczenie. Warto wybiera\u0107 komunikacj\u0119 publiczn\u0105, rower, spacer, a je\u015bli samoch\u00f3d \u2013 to najlepiej elektryczny. Rz\u0105dy mog\u0105 wspiera\u0107 rozw\u00f3j infrastruktury dla pojazd\u00f3w elektrycznych i promowa\u0107 transport zbiorowy.<br \/><br \/>Rolnictwo i spos\u00f3b od\u017cywiania to tak\u017ce istotne elementy walki z kryzysem klimatycznym. Ograniczenie spo\u017cycia mi\u0119sa i nabia\u0142u, wybieranie produkt\u00f3w lokalnych i sezonowych, a tak\u017ce ograniczenie marnowania \u017cywno\u015bci to proste kroki, kt\u00f3re w skali globalnej maj\u0105 ogromny wp\u0142yw.<br \/><br \/>Nie mo\u017cemy zapomina\u0107 o ochronie i odbudowie przyrody. Lasy, torfowiska, mokrad\u0142a i oceany to naturalne \u201epoch\u0142aniacze\u201d dwutlenku w\u0119gla. Sadzenie drzew, ochrona istniej\u0105cych ekosystem\u00f3w, walka z wylesianiem oraz przywracanie zdegradowanych teren\u00f3w to kluczowe dzia\u0142ania, kt\u00f3re pomagaj\u0105 stabilizowa\u0107 klimat.<br \/><br \/>Adaptacja do zmian, kt\u00f3re ju\u017c zachodz\u0105, jest r\u00f3wnie wa\u017cna. Budowa wa\u0142\u00f3w przeciwpowodziowych, projektowanie miast odpornych na upa\u0142y, rozwijanie rolnictwa odpornego na susz\u0119 czy inwestowanie w systemy wczesnego ostrzegania przed ekstremalnymi zjawiskami pogodowymi to przyk\u0142ady dzia\u0142a\u0144, kt\u00f3re mog\u0105 uratowa\u0107 \u017cycie i ograniczy\u0107 straty.<\/p>\r\n<h3 class=\"mb-xs mt-5 text-base font-[500] first:mt-0 dark:font-[475]\">Rola polityki, edukacji i wsp\u00f3lnot lokalnych<\/h3>\r\n<p class=\"my-0\">Niezwykle wa\u017cne jest, by domaga\u0107 si\u0119 od rz\u0105d\u00f3w i biznesu ambitnych dzia\u0142a\u0144 na rzecz klimatu \u2013 od wprowadzania regulacji i podatk\u00f3w w\u0119glowych, przez wsparcie dla innowacji, po inwestycje w zielone technologie i sprawiedliw\u0105 transformacj\u0119 energetyczn\u0105. Ka\u017cdy z nas mo\u017ce wp\u0142ywa\u0107 na polityk\u00f3w, podpisywa\u0107 petycje, bra\u0107 udzia\u0142 w konsultacjach spo\u0142ecznych i wspiera\u0107 organizacje dzia\u0142aj\u0105ce na rzecz klimatu.<br \/><br \/>Edukacja i budowanie \u015bwiadomo\u015bci to podstawa \u2013 zar\u00f3wno w\u015br\u00f3d doros\u0142ych, jak i dzieci. Im wi\u0119cej wiemy o przyczynach i skutkach zmian klimatu, tym \u0142atwiej podejmowa\u0107 m\u0105dre decyzje i inspirowa\u0107 innych do dzia\u0142ania.<\/p>\r\n<h3 class=\"mb-xs mt-5 text-base font-[500] first:mt-0 dark:font-[475]\">Przyk\u0142ady dzia\u0142a\u0144, kt\u00f3re maj\u0105 znaczenie:<\/h3>\r\n<ul class=\"marker:text-textOff list-disc\">\r\n<li>\r\n<p class=\"my-0\">Zrezygnowanie z jednorazowych plastik\u00f3w i ograniczenie konsumpcji.<\/p>\r\n<\/li>\r\n<li>\r\n<p class=\"my-0\">Modernizacja dom\u00f3w \u2013 lepsza izolacja, pompy ciep\u0142a, panele s\u0142oneczne.<\/p>\r\n<\/li>\r\n<li>\r\n<p class=\"my-0\">Wspieranie lokalnych inicjatyw, sp\u00f3\u0142dzielni energetycznych i miejskich ogrod\u00f3w.<\/p>\r\n<\/li>\r\n<li>\r\n<p class=\"my-0\">Wybieranie produkt\u00f3w z certyfikatami ekologicznymi i fair trade.<\/p>\r\n<\/li>\r\n<li>\r\n<p class=\"my-0\">Udzia\u0142 w akcjach sadzenia drzew i ochrony lokalnej przyrody.<\/p>\r\n<\/li>\r\n<li>\r\n<p class=\"my-0\">Wspieranie rozwoju gospodarki o obiegu zamkni\u0119tym \u2013 naprawianie, ponowne u\u017cycie, recykling.<\/p>\r\n<\/li>\r\n<li>\r\n<p class=\"my-0\">Promowanie diety ro\u015blinnej i ograniczanie marnowania \u017cywno\u015bci.<\/p>\r\n<\/li>\r\n<li>\r\n<p class=\"my-0\">Udzia\u0142 w edukacji klimatycznej i dzielenie si\u0119 wiedz\u0105 z innymi.<\/p>\r\n<\/li>\r\n<\/ul>\r\n<p>&nbsp;<\/p>\r\n<\/div>\r\n<\/div>\r\n<\/div>\r\n<\/div>\r\n<\/div>\r\n<\/div>\r\n<\/div>\r\n<\/div>\r\n<\/div>\r\n<\/div>\r\n<\/div>\r\n<div class=\"wp-block-columns\"><!-- \/wp:column --><\/div><!-- \/wp:columns --><!-- \/wp:columns -->\r\n\r\n<!-- wp:columns --><\/p>\r\n<div class=\"wp-block-columns\"><!-- wp:column -->\r\n<div class=\"wp-block-column\">\r\n<p class=\"my-0\">Zmiany klimatyczne to nie tylko problem ekologiczny, ale te\u017c spo\u0142eczny i ekonomiczny. Susze i powodzie wp\u0142ywaj\u0105 na ceny \u017cywno\u015bci, a niestabilno\u015b\u0107 pogodowa utrudnia planowanie upraw. Kraje rozwijaj\u0105ce si\u0119, kt\u00f3re najmniej przyczyni\u0142y si\u0119 do globalnego ocieplenia, cz\u0119sto ponosz\u0105 jego najwi\u0119ksze koszty. To rodzi napi\u0119cia, konflikty o zasoby i migracje na niespotykan\u0105 dot\u0105d skal\u0119.<\/p>\r\n<p class=\"my-0\">Wzrost temperatury wp\u0142ywa te\u017c na zdrowie psychiczne. Coraz wi\u0119cej os\u00f3b odczuwa tzw. \u201el\u0119k klimatyczny\u201d \u2013 obaw\u0119 o przysz\u0142o\u015b\u0107 swoj\u0105 i bliskich. Dzieci i m\u0142odzie\u017c pytaj\u0105, czy w og\u00f3le warto planowa\u0107 \u017cycie na planecie, kt\u00f3ra zmienia si\u0119 w tak nieprzewidywalny spos\u00f3b.<\/p>\r\n<h2 id=\"czy-jest-jeszcze-nadzieja\" class=\"mb-2 mt-6 text-base font-[500] first:mt-0 md:text-lg dark:font-[475] [hr+&amp;]:mt-4\">Czy jest jeszcze nadzieja?<\/h2>\r\n<p><!-- \/wp:column -->\r\n\r\n<!-- wp:columns --><\/p>\r\n<div class=\"wp-block-columns\"><!-- wp:column -->\r\n<div class=\"wp-block-column\">\r\n<p class=\"my-0\">Mo\u017cna odnie\u015b\u0107 wra\u017cenie, \u017ce sytuacja jest beznadziejna. Jednak nauka daje nam jasny sygna\u0142: ka\u017cde dzia\u0142anie na rzecz ograniczenia emisji gaz\u00f3w cieplarnianych ma znaczenie. Im szybciej przejdziemy na odnawialne \u017ar\u00f3d\u0142a energii, zmienimy nawyki konsumpcyjne i zaczniemy dba\u0107 o \u015brodowisko, tym wi\u0119ksza szansa, \u017ce zatrzymamy si\u0119 przed przekroczeniem niebezpiecznego progu.<\/p>\r\n<p class=\"my-0\">To nie jest wy\u015bcig, w kt\u00f3rym liczy si\u0119 tylko technologia czy polityka \u2013 to tak\u017ce kwestia codziennych wybor\u00f3w ka\u017cdego z nas. Ograniczenie marnowania jedzenia, wyb\u00f3r transportu publicznego, wsparcie dla inicjatyw ekologicznych \u2013 to wszystko sk\u0142ada si\u0119 na wi\u0119ksz\u0105 zmian\u0119.<\/p>\r\n<h2 id=\"przyszo-w-naszych-rkach--jak-moemy-zatrzyma-katast\" class=\"mb-2 mt-6 text-base font-[500] first:mt-0 md:text-lg dark:font-[475] [hr+&amp;]:mt-4\">Przysz\u0142o\u015b\u0107 w naszych r\u0119kach \u2013 jak mo\u017cemy zatrzyma\u0107 katastrof\u0119 klimatyczn\u0105?<\/h2>\r\n<p><!-- \/wp:heading -->\r\n\r\n<!-- wp:columns --><\/p>\r\n<div class=\"wp-block-columns\"><!-- wp:column -->\r\n<div class=\"wp-block-column\">Cho\u0107 perspektywa katastrofy klimatycznej mo\u017ce wydawa\u0107 si\u0119 przyt\u0142aczaj\u0105ca, to w\u0142a\u015bnie teraz \u2013 bardziej ni\u017c kiedykolwiek \u2013 przysz\u0142o\u015b\u0107 naszej planety zale\u017cy od wsp\u00f3lnych dzia\u0142a\u0144 ludzko\u015bci. Ka\u017cdy z nas, zar\u00f3wno jako jednostka, jak i cz\u0119\u015b\u0107 wi\u0119kszej spo\u0142eczno\u015bci, ma realny wp\u0142yw na to, czy przekroczymy niebezpieczny pr\u00f3g 1,5\u00b0C, czy te\u017c zdo\u0142amy go unikn\u0105\u0107 i zapewni\u0107 przysz\u0142ym pokoleniom bezpieczniejszy \u015bwiat.<br \/>Zmiana musi nast\u0105pi\u0107 na wszystkich poziomach: od indywidualnych wybor\u00f3w, przez dzia\u0142ania spo\u0142eczno\u015bci lokalnych, po globalne strategie rz\u0105d\u00f3w i biznesu. Kluczowe s\u0105 dwa podej\u015bcia: ograniczanie przyczyn zmian klimatu (tzw. <em>mitigacja<\/em>) oraz adaptacja do ju\u017c zachodz\u0105cych zmian (<em>adaptacja<\/em>).<br \/>\r\n<h3 class=\"mb-xs mt-5 text-base font-[500] first:mt-0 dark:font-[475]\">Co mo\u017cemy zrobi\u0107 jako spo\u0142ecze\u0144stwo i jednostki?<\/h3>\r\n<p class=\"my-0\">Przede wszystkim, musimy radykalnie ograniczy\u0107 emisje gaz\u00f3w cieplarnianych. To oznacza szybkie odej\u015bcie od paliw kopalnych \u2013 w\u0119gla, ropy i gazu \u2013 i przej\u015bcie na czyste \u017ar\u00f3d\u0142a energii, takie jak s\u0142o\u0144ce, wiatr czy energia wodna. Inwestowanie w odnawialne \u017ar\u00f3d\u0142a energii, modernizacja sieci energetycznych oraz poprawa efektywno\u015bci energetycznej budynk\u00f3w i urz\u0105dze\u0144 to dzia\u0142ania, kt\u00f3re mog\u0105 znacz\u0105co zmniejszy\u0107 nasz \u015blad w\u0119glowy.<br \/><br \/>Transport to kolejny obszar, gdzie zmiana ma ogromne znaczenie. Warto wybiera\u0107 komunikacj\u0119 publiczn\u0105, rower, spacer, a je\u015bli samoch\u00f3d \u2013 to najlepiej elektryczny. Rz\u0105dy mog\u0105 wspiera\u0107 rozw\u00f3j infrastruktury dla pojazd\u00f3w elektrycznych i promowa\u0107 transport zbiorowy.<br \/><br \/>Rolnictwo i spos\u00f3b od\u017cywiania to tak\u017ce istotne elementy walki z kryzysem klimatycznym. Ograniczenie spo\u017cycia mi\u0119sa i nabia\u0142u, wybieranie produkt\u00f3w lokalnych i sezonowych, a tak\u017ce ograniczenie marnowania \u017cywno\u015bci to proste kroki, kt\u00f3re w skali globalnej maj\u0105 ogromny wp\u0142yw.<br \/><br \/>Nie mo\u017cemy zapomina\u0107 o ochronie i odbudowie przyrody. Lasy, torfowiska, mokrad\u0142a i oceany to naturalne \u201epoch\u0142aniacze\u201d dwutlenku w\u0119gla. Sadzenie drzew, ochrona istniej\u0105cych ekosystem\u00f3w, walka z wylesianiem oraz przywracanie zdegradowanych teren\u00f3w to kluczowe dzia\u0142ania, kt\u00f3re pomagaj\u0105 stabilizowa\u0107 klimat.<br \/><br \/>Adaptacja do zmian, kt\u00f3re ju\u017c zachodz\u0105, jest r\u00f3wnie wa\u017cna. Budowa wa\u0142\u00f3w przeciwpowodziowych, projektowanie miast odpornych na upa\u0142y, rozwijanie rolnictwa odpornego na susz\u0119 czy inwestowanie w systemy wczesnego ostrzegania przed ekstremalnymi zjawiskami pogodowymi to przyk\u0142ady dzia\u0142a\u0144, kt\u00f3re mog\u0105 uratowa\u0107 \u017cycie i ograniczy\u0107 straty.<\/p>\r\n<h3 class=\"mb-xs mt-5 text-base font-[500] first:mt-0 dark:font-[475]\">Rola polityki, edukacji i wsp\u00f3lnot lokalnych<\/h3>\r\n<p class=\"my-0\">Niezwykle wa\u017cne jest, by domaga\u0107 si\u0119 od rz\u0105d\u00f3w i biznesu ambitnych dzia\u0142a\u0144 na rzecz klimatu \u2013 od wprowadzania regulacji i podatk\u00f3w w\u0119glowych, przez wsparcie dla innowacji, po inwestycje w zielone technologie i sprawiedliw\u0105 transformacj\u0119 energetyczn\u0105. Ka\u017cdy z nas mo\u017ce wp\u0142ywa\u0107 na polityk\u00f3w, podpisywa\u0107 petycje, bra\u0107 udzia\u0142 w konsultacjach spo\u0142ecznych i wspiera\u0107 organizacje dzia\u0142aj\u0105ce na rzecz klimatu.<br \/><br \/>Edukacja i budowanie \u015bwiadomo\u015bci to podstawa \u2013 zar\u00f3wno w\u015br\u00f3d doros\u0142ych, jak i dzieci. Im wi\u0119cej wiemy o przyczynach i skutkach zmian klimatu, tym \u0142atwiej podejmowa\u0107 m\u0105dre decyzje i inspirowa\u0107 innych do dzia\u0142ania.<\/p>\r\n<h3 class=\"mb-xs mt-5 text-base font-[500] first:mt-0 dark:font-[475]\">Przyk\u0142ady dzia\u0142a\u0144, kt\u00f3re maj\u0105 znaczenie:<\/h3>\r\n<ul class=\"marker:text-textOff list-disc\">\r\n<li>\r\n<p class=\"my-0\">Zrezygnowanie z jednorazowych plastik\u00f3w i ograniczenie konsumpcji.<\/p>\r\n<\/li>\r\n<li>\r\n<p class=\"my-0\">Modernizacja dom\u00f3w \u2013 lepsza izolacja, pompy ciep\u0142a, panele s\u0142oneczne.<\/p>\r\n<\/li>\r\n<li>\r\n<p class=\"my-0\">Wspieranie lokalnych inicjatyw, sp\u00f3\u0142dzielni energetycznych i miejskich ogrod\u00f3w.<\/p>\r\n<\/li>\r\n<li>\r\n<p class=\"my-0\">Wybieranie produkt\u00f3w z certyfikatami ekologicznymi i fair trade.<\/p>\r\n<\/li>\r\n<li>\r\n<p class=\"my-0\">Udzia\u0142 w akcjach sadzenia drzew i ochrony lokalnej przyrody.<\/p>\r\n<\/li>\r\n<li>\r\n<p class=\"my-0\">Wspieranie rozwoju gospodarki o obiegu zamkni\u0119tym \u2013 naprawianie, ponowne u\u017cycie, recykling.<\/p>\r\n<\/li>\r\n<li>\r\n<p class=\"my-0\">Promowanie diety ro\u015blinnej i ograniczanie marnowania \u017cywno\u015bci.<\/p>\r\n<\/li>\r\n<li>\r\n<p class=\"my-0\">Udzia\u0142 w edukacji klimatycznej i dzielenie si\u0119 wiedz\u0105 z innymi.<\/p>\r\n<\/li>\r\n<\/ul>\r\n<p>&nbsp;<\/p>\r\n<\/div>\r\n<\/div>\r\n<\/div>\r\n<\/div>\r\n<\/div>\r\n<\/div>\r\n<\/div>\r\n<\/div>\r\n<\/div>\r\n<\/div>\r\n<\/div>\r\n<div class=\"wp-block-columns\"><!-- \/wp:column --><\/div><!-- \/wp:post-content --><!-- \/wp:columns -->\r\n\r\n<!-- wp:columns --><\/p>\r\n<div class=\"wp-block-columns\"><!-- wp:column -->\r\n<div class=\"wp-block-column\">\r\n<p class=\"my-0\">Wzrost temperatury o 1,5\u00b0C to nie tylko cieplejsze lato. To tak\u017ce coraz cz\u0119stsze ekstremalne zjawiska pogodowe: huragany, kt\u00f3re pustosz\u0105 wybrze\u017ca, po\u017cary las\u00f3w ogarniaj\u0105ce ca\u0142e regiony, gwa\u0142towne burze i powodzie. Ka\u017cde z tych wydarze\u0144 to tragedia dla ludzi, kt\u00f3rzy trac\u0105 domy, dorobek \u017cycia, a czasem tak\u017ce bliskich. Zmienia si\u0119 te\u017c krajobraz gospodarczy \u2013 rosn\u0105 koszty odbudowy, ubezpieczenia staj\u0105 si\u0119 dro\u017csze, a niekt\u00f3re regiony przestaj\u0105 by\u0107 atrakcyjne do \u017cycia i pracy.<\/p>\r\n<p class=\"my-0\">Topniej\u0105ce lodowce i podnosz\u0105cy si\u0119 poziom m\u00f3rz to kolejne wyzwania. Wielkie miasta po\u0142o\u017cone na wybrze\u017cach \u2013 od Miami po D\u017cakart\u0119 \u2013 musz\u0105 ju\u017c dzi\u015b planowa\u0107 kosztowne inwestycje w ochron\u0119 przed zalaniem. Miliony ludzi na ca\u0142ym \u015bwiecie mog\u0105 zosta\u0107 zmuszone do opuszczenia swoich dom\u00f3w, staj\u0105c si\u0119 uchod\u017acami klimatycznymi.<\/p>\r\n<h2 id=\"gospodarka-i-spoeczestwo-pod-presj\" class=\"mb-2 mt-6 text-base font-[500] first:mt-0 md:text-lg dark:font-[475] [hr+&amp;]:mt-4\">Gospodarka i spo\u0142ecze\u0144stwo pod presj\u0105<\/h2>\r\n<p><!-- \/wp:column -->\r\n\r\n<!-- wp:columns --><\/p>\r\n<div class=\"wp-block-columns\"><!-- wp:column -->\r\n<div class=\"wp-block-column\">\r\n<p class=\"my-0\">Zmiany klimatyczne to nie tylko problem ekologiczny, ale te\u017c spo\u0142eczny i ekonomiczny. Susze i powodzie wp\u0142ywaj\u0105 na ceny \u017cywno\u015bci, a niestabilno\u015b\u0107 pogodowa utrudnia planowanie upraw. Kraje rozwijaj\u0105ce si\u0119, kt\u00f3re najmniej przyczyni\u0142y si\u0119 do globalnego ocieplenia, cz\u0119sto ponosz\u0105 jego najwi\u0119ksze koszty. To rodzi napi\u0119cia, konflikty o zasoby i migracje na niespotykan\u0105 dot\u0105d skal\u0119.<\/p>\r\n<p class=\"my-0\">Wzrost temperatury wp\u0142ywa te\u017c na zdrowie psychiczne. Coraz wi\u0119cej os\u00f3b odczuwa tzw. \u201el\u0119k klimatyczny\u201d \u2013 obaw\u0119 o przysz\u0142o\u015b\u0107 swoj\u0105 i bliskich. Dzieci i m\u0142odzie\u017c pytaj\u0105, czy w og\u00f3le warto planowa\u0107 \u017cycie na planecie, kt\u00f3ra zmienia si\u0119 w tak nieprzewidywalny spos\u00f3b.<\/p>\r\n<h2 id=\"czy-jest-jeszcze-nadzieja\" class=\"mb-2 mt-6 text-base font-[500] first:mt-0 md:text-lg dark:font-[475] [hr+&amp;]:mt-4\">Czy jest jeszcze nadzieja?<\/h2>\r\n<p><!-- \/wp:heading -->\r\n\r\n<!-- wp:columns --><\/p>\r\n<div class=\"wp-block-columns\"><!-- wp:column -->\r\n<div class=\"wp-block-column\">\r\n<p class=\"my-0\">Mo\u017cna odnie\u015b\u0107 wra\u017cenie, \u017ce sytuacja jest beznadziejna. Jednak nauka daje nam jasny sygna\u0142: ka\u017cde dzia\u0142anie na rzecz ograniczenia emisji gaz\u00f3w cieplarnianych ma znaczenie. Im szybciej przejdziemy na odnawialne \u017ar\u00f3d\u0142a energii, zmienimy nawyki konsumpcyjne i zaczniemy dba\u0107 o \u015brodowisko, tym wi\u0119ksza szansa, \u017ce zatrzymamy si\u0119 przed przekroczeniem niebezpiecznego progu.<\/p>\r\n<p class=\"my-0\">To nie jest wy\u015bcig, w kt\u00f3rym liczy si\u0119 tylko technologia czy polityka \u2013 to tak\u017ce kwestia codziennych wybor\u00f3w ka\u017cdego z nas. Ograniczenie marnowania jedzenia, wyb\u00f3r transportu publicznego, wsparcie dla inicjatyw ekologicznych \u2013 to wszystko sk\u0142ada si\u0119 na wi\u0119ksz\u0105 zmian\u0119.<\/p>\r\n<h2 id=\"przyszo-w-naszych-rkach--jak-moemy-zatrzyma-katast\" class=\"mb-2 mt-6 text-base font-[500] first:mt-0 md:text-lg dark:font-[475] [hr+&amp;]:mt-4\">Przysz\u0142o\u015b\u0107 w naszych r\u0119kach \u2013 jak mo\u017cemy zatrzyma\u0107 katastrof\u0119 klimatyczn\u0105?<\/h2>\r\n<p><!-- \/wp:heading -->\r\n\r\n<!-- wp:columns --><\/p>\r\n<div class=\"wp-block-columns\"><!-- wp:column -->\r\n<div class=\"wp-block-column\">Cho\u0107 perspektywa katastrofy klimatycznej mo\u017ce wydawa\u0107 si\u0119 przyt\u0142aczaj\u0105ca, to w\u0142a\u015bnie teraz \u2013 bardziej ni\u017c kiedykolwiek \u2013 przysz\u0142o\u015b\u0107 naszej planety zale\u017cy od wsp\u00f3lnych dzia\u0142a\u0144 ludzko\u015bci. Ka\u017cdy z nas, zar\u00f3wno jako jednostka, jak i cz\u0119\u015b\u0107 wi\u0119kszej spo\u0142eczno\u015bci, ma realny wp\u0142yw na to, czy przekroczymy niebezpieczny pr\u00f3g 1,5\u00b0C, czy te\u017c zdo\u0142amy go unikn\u0105\u0107 i zapewni\u0107 przysz\u0142ym pokoleniom bezpieczniejszy \u015bwiat.<br \/>Zmiana musi nast\u0105pi\u0107 na wszystkich poziomach: od indywidualnych wybor\u00f3w, przez dzia\u0142ania spo\u0142eczno\u015bci lokalnych, po globalne strategie rz\u0105d\u00f3w i biznesu. Kluczowe s\u0105 dwa podej\u015bcia: ograniczanie przyczyn zmian klimatu (tzw. <em>mitigacja<\/em>) oraz adaptacja do ju\u017c zachodz\u0105cych zmian (<em>adaptacja<\/em>).<br \/>\r\n<h3 class=\"mb-xs mt-5 text-base font-[500] first:mt-0 dark:font-[475]\">Co mo\u017cemy zrobi\u0107 jako spo\u0142ecze\u0144stwo i jednostki?<\/h3>\r\n<p class=\"my-0\">Przede wszystkim, musimy radykalnie ograniczy\u0107 emisje gaz\u00f3w cieplarnianych. To oznacza szybkie odej\u015bcie od paliw kopalnych \u2013 w\u0119gla, ropy i gazu \u2013 i przej\u015bcie na czyste \u017ar\u00f3d\u0142a energii, takie jak s\u0142o\u0144ce, wiatr czy energia wodna. Inwestowanie w odnawialne \u017ar\u00f3d\u0142a energii, modernizacja sieci energetycznych oraz poprawa efektywno\u015bci energetycznej budynk\u00f3w i urz\u0105dze\u0144 to dzia\u0142ania, kt\u00f3re mog\u0105 znacz\u0105co zmniejszy\u0107 nasz \u015blad w\u0119glowy.<br \/><br \/>Transport to kolejny obszar, gdzie zmiana ma ogromne znaczenie. Warto wybiera\u0107 komunikacj\u0119 publiczn\u0105, rower, spacer, a je\u015bli samoch\u00f3d \u2013 to najlepiej elektryczny. Rz\u0105dy mog\u0105 wspiera\u0107 rozw\u00f3j infrastruktury dla pojazd\u00f3w elektrycznych i promowa\u0107 transport zbiorowy.<br \/><br \/>Rolnictwo i spos\u00f3b od\u017cywiania to tak\u017ce istotne elementy walki z kryzysem klimatycznym. Ograniczenie spo\u017cycia mi\u0119sa i nabia\u0142u, wybieranie produkt\u00f3w lokalnych i sezonowych, a tak\u017ce ograniczenie marnowania \u017cywno\u015bci to proste kroki, kt\u00f3re w skali globalnej maj\u0105 ogromny wp\u0142yw.<br \/><br \/>Nie mo\u017cemy zapomina\u0107 o ochronie i odbudowie przyrody. Lasy, torfowiska, mokrad\u0142a i oceany to naturalne \u201epoch\u0142aniacze\u201d dwutlenku w\u0119gla. Sadzenie drzew, ochrona istniej\u0105cych ekosystem\u00f3w, walka z wylesianiem oraz przywracanie zdegradowanych teren\u00f3w to kluczowe dzia\u0142ania, kt\u00f3re pomagaj\u0105 stabilizowa\u0107 klimat.<br \/><br \/>Adaptacja do zmian, kt\u00f3re ju\u017c zachodz\u0105, jest r\u00f3wnie wa\u017cna. Budowa wa\u0142\u00f3w przeciwpowodziowych, projektowanie miast odpornych na upa\u0142y, rozwijanie rolnictwa odpornego na susz\u0119 czy inwestowanie w systemy wczesnego ostrzegania przed ekstremalnymi zjawiskami pogodowymi to przyk\u0142ady dzia\u0142a\u0144, kt\u00f3re mog\u0105 uratowa\u0107 \u017cycie i ograniczy\u0107 straty.<\/p>\r\n<h3 class=\"mb-xs mt-5 text-base font-[500] first:mt-0 dark:font-[475]\">Rola polityki, edukacji i wsp\u00f3lnot lokalnych<\/h3>\r\n<p class=\"my-0\">Niezwykle wa\u017cne jest, by domaga\u0107 si\u0119 od rz\u0105d\u00f3w i biznesu ambitnych dzia\u0142a\u0144 na rzecz klimatu \u2013 od wprowadzania regulacji i podatk\u00f3w w\u0119glowych, przez wsparcie dla innowacji, po inwestycje w zielone technologie i sprawiedliw\u0105 transformacj\u0119 energetyczn\u0105. Ka\u017cdy z nas mo\u017ce wp\u0142ywa\u0107 na polityk\u00f3w, podpisywa\u0107 petycje, bra\u0107 udzia\u0142 w konsultacjach spo\u0142ecznych i wspiera\u0107 organizacje dzia\u0142aj\u0105ce na rzecz klimatu.<br \/><br \/>Edukacja i budowanie \u015bwiadomo\u015bci to podstawa \u2013 zar\u00f3wno w\u015br\u00f3d doros\u0142ych, jak i dzieci. Im wi\u0119cej wiemy o przyczynach i skutkach zmian klimatu, tym \u0142atwiej podejmowa\u0107 m\u0105dre decyzje i inspirowa\u0107 innych do dzia\u0142ania.<\/p>\r\n<h3 class=\"mb-xs mt-5 text-base font-[500] first:mt-0 dark:font-[475]\">Przyk\u0142ady dzia\u0142a\u0144, kt\u00f3re maj\u0105 znaczenie:<\/h3>\r\n<ul class=\"marker:text-textOff list-disc\">\r\n<li>\r\n<p class=\"my-0\">Zrezygnowanie z jednorazowych plastik\u00f3w i ograniczenie konsumpcji.<\/p>\r\n<\/li>\r\n<li>\r\n<p class=\"my-0\">Modernizacja dom\u00f3w \u2013 lepsza izolacja, pompy ciep\u0142a, panele s\u0142oneczne.<\/p>\r\n<\/li>\r\n<li>\r\n<p class=\"my-0\">Wspieranie lokalnych inicjatyw, sp\u00f3\u0142dzielni energetycznych i miejskich ogrod\u00f3w.<\/p>\r\n<\/li>\r\n<li>\r\n<p class=\"my-0\">Wybieranie produkt\u00f3w z certyfikatami ekologicznymi i fair trade.<\/p>\r\n<\/li>\r\n<li>\r\n<p class=\"my-0\">Udzia\u0142 w akcjach sadzenia drzew i ochrony lokalnej przyrody.<\/p>\r\n<\/li>\r\n<li>\r\n<p class=\"my-0\">Wspieranie rozwoju gospodarki o obiegu zamkni\u0119tym \u2013 naprawianie, ponowne u\u017cycie, recykling.<\/p>\r\n<\/li>\r\n<li>\r\n<p class=\"my-0\">Promowanie diety ro\u015blinnej i ograniczanie marnowania \u017cywno\u015bci.<\/p>\r\n<\/li>\r\n<li>\r\n<p class=\"my-0\">Udzia\u0142 w edukacji klimatycznej i dzielenie si\u0119 wiedz\u0105 z innymi.<\/p>\r\n<\/li>\r\n<\/ul>\r\n<p>&nbsp;<\/p>\r\n<\/div>\r\n<\/div>\r\n<\/div>\r\n<\/div>\r\n<\/div>\r\n<\/div>\r\n<\/div>\r\n<\/div>\r\n<\/div>\r\n<\/div>\r\n<\/div>\r\n<div class=\"wp-block-columns\"><!-- \/wp:column --><\/div><!-- \/wp:post-content --><!-- \/wp:columns -->\r\n\r\n<!-- wp:columns --><\/p>\r\n<div class=\"wp-block-columns\"><!-- wp:column -->\r\n<div class=\"wp-block-column\">\r\n<p class=\"my-0\">Nie tylko ludzie odczuwaj\u0105 skutki ocieplenia. Przyroda, kt\u00f3ra przez tysi\u0105ce lat wypracowa\u0142a swoje rytmy i zale\u017cno\u015bci, zaczyna si\u0119 gubi\u0107 w nowej rzeczywisto\u015bci. Rafy koralowe, uznawane za podwodne lasy tropikalne, s\u0105 wyj\u0105tkowo wra\u017cliwe na wzrost temperatury ocean\u00f3w. Ju\u017c dzi\u015b obserwujemy ich masowe wybielanie i wymieranie. Je\u015bli przekroczymy pr\u00f3g 1,5\u00b0C, niemal wszystkie rafy mog\u0105 znikn\u0105\u0107 \u2013 a wraz z nimi tysi\u0105ce gatunk\u00f3w ryb i innych morskich stworze\u0144.<\/p>\r\n<p><img loading=\"lazy\" decoding=\"async\" class=\"aligncenter\" src=\"https:\/\/cdn.pixabay.com\/photo\/2013\/07\/28\/03\/25\/lady-musgrave-island-168289_1280.jpg\" alt=\"Pani Musgrave Wyspa, Queensland\" width=\"600\" height=\"372\" \/><\/p>\r\n<p class=\"my-0\">Podobnie dramatyczne zmiany zachodz\u0105 na l\u0105dzie. Zmniejszaj\u0105 si\u0119 populacje owad\u00f3w zapylaj\u0105cych, bez kt\u00f3rych nie by\u0142oby wielu owoc\u00f3w i warzyw. Zwierz\u0119ta i ro\u015bliny pr\u00f3buj\u0105 przystosowa\u0107 si\u0119 do nowych warunk\u00f3w, migruj\u0105c w kierunku biegun\u00f3w lub wy\u017cej w g\u00f3ry. Jednak nie wszystkim si\u0119 to udaje \u2013 tempo zmian jest po prostu zbyt szybkie. W rezultacie grozi nam masowe wymieranie gatunk\u00f3w, kt\u00f3re jeszcze niedawno uznawali\u015bmy za powszechne.<\/p>\r\n<h2 id=\"ekstremalne-zjawiska--nowa-codzienno\" class=\"mb-2 mt-6 text-base font-[500] first:mt-0 md:text-lg dark:font-[475] [hr+&amp;]:mt-4\">Ekstremalne zjawiska \u2013 nowa codzienno\u015b\u0107<\/h2>\r\n<p><!-- \/wp:column -->\r\n\r\n<!-- wp:columns --><\/p>\r\n<div class=\"wp-block-columns\"><!-- wp:column -->\r\n<div class=\"wp-block-column\">\r\n<p class=\"my-0\">Wzrost temperatury o 1,5\u00b0C to nie tylko cieplejsze lato. To tak\u017ce coraz cz\u0119stsze ekstremalne zjawiska pogodowe: huragany, kt\u00f3re pustosz\u0105 wybrze\u017ca, po\u017cary las\u00f3w ogarniaj\u0105ce ca\u0142e regiony, gwa\u0142towne burze i powodzie. Ka\u017cde z tych wydarze\u0144 to tragedia dla ludzi, kt\u00f3rzy trac\u0105 domy, dorobek \u017cycia, a czasem tak\u017ce bliskich. Zmienia si\u0119 te\u017c krajobraz gospodarczy \u2013 rosn\u0105 koszty odbudowy, ubezpieczenia staj\u0105 si\u0119 dro\u017csze, a niekt\u00f3re regiony przestaj\u0105 by\u0107 atrakcyjne do \u017cycia i pracy.<\/p>\r\n<p class=\"my-0\">Topniej\u0105ce lodowce i podnosz\u0105cy si\u0119 poziom m\u00f3rz to kolejne wyzwania. Wielkie miasta po\u0142o\u017cone na wybrze\u017cach \u2013 od Miami po D\u017cakart\u0119 \u2013 musz\u0105 ju\u017c dzi\u015b planowa\u0107 kosztowne inwestycje w ochron\u0119 przed zalaniem. Miliony ludzi na ca\u0142ym \u015bwiecie mog\u0105 zosta\u0107 zmuszone do opuszczenia swoich dom\u00f3w, staj\u0105c si\u0119 uchod\u017acami klimatycznymi.<\/p>\r\n<h2 id=\"gospodarka-i-spoeczestwo-pod-presj\" class=\"mb-2 mt-6 text-base font-[500] first:mt-0 md:text-lg dark:font-[475] [hr+&amp;]:mt-4\">Gospodarka i spo\u0142ecze\u0144stwo pod presj\u0105<\/h2>\r\n<p><!-- \/wp:heading -->\r\n\r\n<!-- wp:columns --><\/p>\r\n<div class=\"wp-block-columns\"><!-- wp:column -->\r\n<div class=\"wp-block-column\">\r\n<p class=\"my-0\">Zmiany klimatyczne to nie tylko problem ekologiczny, ale te\u017c spo\u0142eczny i ekonomiczny. Susze i powodzie wp\u0142ywaj\u0105 na ceny \u017cywno\u015bci, a niestabilno\u015b\u0107 pogodowa utrudnia planowanie upraw. Kraje rozwijaj\u0105ce si\u0119, kt\u00f3re najmniej przyczyni\u0142y si\u0119 do globalnego ocieplenia, cz\u0119sto ponosz\u0105 jego najwi\u0119ksze koszty. To rodzi napi\u0119cia, konflikty o zasoby i migracje na niespotykan\u0105 dot\u0105d skal\u0119.<\/p>\r\n<p class=\"my-0\">Wzrost temperatury wp\u0142ywa te\u017c na zdrowie psychiczne. Coraz wi\u0119cej os\u00f3b odczuwa tzw. \u201el\u0119k klimatyczny\u201d \u2013 obaw\u0119 o przysz\u0142o\u015b\u0107 swoj\u0105 i bliskich. Dzieci i m\u0142odzie\u017c pytaj\u0105, czy w og\u00f3le warto planowa\u0107 \u017cycie na planecie, kt\u00f3ra zmienia si\u0119 w tak nieprzewidywalny spos\u00f3b.<\/p>\r\n<h2 id=\"czy-jest-jeszcze-nadzieja\" class=\"mb-2 mt-6 text-base font-[500] first:mt-0 md:text-lg dark:font-[475] [hr+&amp;]:mt-4\">Czy jest jeszcze nadzieja?<\/h2>\r\n<p><!-- \/wp:heading -->\r\n\r\n<!-- wp:columns --><\/p>\r\n<div class=\"wp-block-columns\"><!-- wp:column -->\r\n<div class=\"wp-block-column\">\r\n<p class=\"my-0\">Mo\u017cna odnie\u015b\u0107 wra\u017cenie, \u017ce sytuacja jest beznadziejna. Jednak nauka daje nam jasny sygna\u0142: ka\u017cde dzia\u0142anie na rzecz ograniczenia emisji gaz\u00f3w cieplarnianych ma znaczenie. Im szybciej przejdziemy na odnawialne \u017ar\u00f3d\u0142a energii, zmienimy nawyki konsumpcyjne i zaczniemy dba\u0107 o \u015brodowisko, tym wi\u0119ksza szansa, \u017ce zatrzymamy si\u0119 przed przekroczeniem niebezpiecznego progu.<\/p>\r\n<p class=\"my-0\">To nie jest wy\u015bcig, w kt\u00f3rym liczy si\u0119 tylko technologia czy polityka \u2013 to tak\u017ce kwestia codziennych wybor\u00f3w ka\u017cdego z nas. Ograniczenie marnowania jedzenia, wyb\u00f3r transportu publicznego, wsparcie dla inicjatyw ekologicznych \u2013 to wszystko sk\u0142ada si\u0119 na wi\u0119ksz\u0105 zmian\u0119.<\/p>\r\n<h2 id=\"przyszo-w-naszych-rkach--jak-moemy-zatrzyma-katast\" class=\"mb-2 mt-6 text-base font-[500] first:mt-0 md:text-lg dark:font-[475] [hr+&amp;]:mt-4\">Przysz\u0142o\u015b\u0107 w naszych r\u0119kach \u2013 jak mo\u017cemy zatrzyma\u0107 katastrof\u0119 klimatyczn\u0105?<\/h2>\r\n<p><!-- \/wp:heading -->\r\n\r\n<!-- wp:columns --><\/p>\r\n<div class=\"wp-block-columns\"><!-- wp:column -->\r\n<div class=\"wp-block-column\">Cho\u0107 perspektywa katastrofy klimatycznej mo\u017ce wydawa\u0107 si\u0119 przyt\u0142aczaj\u0105ca, to w\u0142a\u015bnie teraz \u2013 bardziej ni\u017c kiedykolwiek \u2013 przysz\u0142o\u015b\u0107 naszej planety zale\u017cy od wsp\u00f3lnych dzia\u0142a\u0144 ludzko\u015bci. Ka\u017cdy z nas, zar\u00f3wno jako jednostka, jak i cz\u0119\u015b\u0107 wi\u0119kszej spo\u0142eczno\u015bci, ma realny wp\u0142yw na to, czy przekroczymy niebezpieczny pr\u00f3g 1,5\u00b0C, czy te\u017c zdo\u0142amy go unikn\u0105\u0107 i zapewni\u0107 przysz\u0142ym pokoleniom bezpieczniejszy \u015bwiat.<br \/>Zmiana musi nast\u0105pi\u0107 na wszystkich poziomach: od indywidualnych wybor\u00f3w, przez dzia\u0142ania spo\u0142eczno\u015bci lokalnych, po globalne strategie rz\u0105d\u00f3w i biznesu. Kluczowe s\u0105 dwa podej\u015bcia: ograniczanie przyczyn zmian klimatu (tzw. <em>mitigacja<\/em>) oraz adaptacja do ju\u017c zachodz\u0105cych zmian (<em>adaptacja<\/em>).<br \/>\r\n<h3 class=\"mb-xs mt-5 text-base font-[500] first:mt-0 dark:font-[475]\">Co mo\u017cemy zrobi\u0107 jako spo\u0142ecze\u0144stwo i jednostki?<\/h3>\r\n<p class=\"my-0\">Przede wszystkim, musimy radykalnie ograniczy\u0107 emisje gaz\u00f3w cieplarnianych. To oznacza szybkie odej\u015bcie od paliw kopalnych \u2013 w\u0119gla, ropy i gazu \u2013 i przej\u015bcie na czyste \u017ar\u00f3d\u0142a energii, takie jak s\u0142o\u0144ce, wiatr czy energia wodna. Inwestowanie w odnawialne \u017ar\u00f3d\u0142a energii, modernizacja sieci energetycznych oraz poprawa efektywno\u015bci energetycznej budynk\u00f3w i urz\u0105dze\u0144 to dzia\u0142ania, kt\u00f3re mog\u0105 znacz\u0105co zmniejszy\u0107 nasz \u015blad w\u0119glowy.<br \/><br \/>Transport to kolejny obszar, gdzie zmiana ma ogromne znaczenie. Warto wybiera\u0107 komunikacj\u0119 publiczn\u0105, rower, spacer, a je\u015bli samoch\u00f3d \u2013 to najlepiej elektryczny. Rz\u0105dy mog\u0105 wspiera\u0107 rozw\u00f3j infrastruktury dla pojazd\u00f3w elektrycznych i promowa\u0107 transport zbiorowy.<br \/><br \/>Rolnictwo i spos\u00f3b od\u017cywiania to tak\u017ce istotne elementy walki z kryzysem klimatycznym. Ograniczenie spo\u017cycia mi\u0119sa i nabia\u0142u, wybieranie produkt\u00f3w lokalnych i sezonowych, a tak\u017ce ograniczenie marnowania \u017cywno\u015bci to proste kroki, kt\u00f3re w skali globalnej maj\u0105 ogromny wp\u0142yw.<br \/><br \/>Nie mo\u017cemy zapomina\u0107 o ochronie i odbudowie przyrody. Lasy, torfowiska, mokrad\u0142a i oceany to naturalne \u201epoch\u0142aniacze\u201d dwutlenku w\u0119gla. Sadzenie drzew, ochrona istniej\u0105cych ekosystem\u00f3w, walka z wylesianiem oraz przywracanie zdegradowanych teren\u00f3w to kluczowe dzia\u0142ania, kt\u00f3re pomagaj\u0105 stabilizowa\u0107 klimat.<br \/><br \/>Adaptacja do zmian, kt\u00f3re ju\u017c zachodz\u0105, jest r\u00f3wnie wa\u017cna. Budowa wa\u0142\u00f3w przeciwpowodziowych, projektowanie miast odpornych na upa\u0142y, rozwijanie rolnictwa odpornego na susz\u0119 czy inwestowanie w systemy wczesnego ostrzegania przed ekstremalnymi zjawiskami pogodowymi to przyk\u0142ady dzia\u0142a\u0144, kt\u00f3re mog\u0105 uratowa\u0107 \u017cycie i ograniczy\u0107 straty.<\/p>\r\n<h3 class=\"mb-xs mt-5 text-base font-[500] first:mt-0 dark:font-[475]\">Rola polityki, edukacji i wsp\u00f3lnot lokalnych<\/h3>\r\n<p class=\"my-0\">Niezwykle wa\u017cne jest, by domaga\u0107 si\u0119 od rz\u0105d\u00f3w i biznesu ambitnych dzia\u0142a\u0144 na rzecz klimatu \u2013 od wprowadzania regulacji i podatk\u00f3w w\u0119glowych, przez wsparcie dla innowacji, po inwestycje w zielone technologie i sprawiedliw\u0105 transformacj\u0119 energetyczn\u0105. Ka\u017cdy z nas mo\u017ce wp\u0142ywa\u0107 na polityk\u00f3w, podpisywa\u0107 petycje, bra\u0107 udzia\u0142 w konsultacjach spo\u0142ecznych i wspiera\u0107 organizacje dzia\u0142aj\u0105ce na rzecz klimatu.<br \/><br \/>Edukacja i budowanie \u015bwiadomo\u015bci to podstawa \u2013 zar\u00f3wno w\u015br\u00f3d doros\u0142ych, jak i dzieci. Im wi\u0119cej wiemy o przyczynach i skutkach zmian klimatu, tym \u0142atwiej podejmowa\u0107 m\u0105dre decyzje i inspirowa\u0107 innych do dzia\u0142ania.<\/p>\r\n<h3 class=\"mb-xs mt-5 text-base font-[500] first:mt-0 dark:font-[475]\">Przyk\u0142ady dzia\u0142a\u0144, kt\u00f3re maj\u0105 znaczenie:<\/h3>\r\n<ul class=\"marker:text-textOff list-disc\">\r\n<li>\r\n<p class=\"my-0\">Zrezygnowanie z jednorazowych plastik\u00f3w i ograniczenie konsumpcji.<\/p>\r\n<\/li>\r\n<li>\r\n<p class=\"my-0\">Modernizacja dom\u00f3w \u2013 lepsza izolacja, pompy ciep\u0142a, panele s\u0142oneczne.<\/p>\r\n<\/li>\r\n<li>\r\n<p class=\"my-0\">Wspieranie lokalnych inicjatyw, sp\u00f3\u0142dzielni energetycznych i miejskich ogrod\u00f3w.<\/p>\r\n<\/li>\r\n<li>\r\n<p class=\"my-0\">Wybieranie produkt\u00f3w z certyfikatami ekologicznymi i fair trade.<\/p>\r\n<\/li>\r\n<li>\r\n<p class=\"my-0\">Udzia\u0142 w akcjach sadzenia drzew i ochrony lokalnej przyrody.<\/p>\r\n<\/li>\r\n<li>\r\n<p class=\"my-0\">Wspieranie rozwoju gospodarki o obiegu zamkni\u0119tym \u2013 naprawianie, ponowne u\u017cycie, recykling.<\/p>\r\n<\/li>\r\n<li>\r\n<p class=\"my-0\">Promowanie diety ro\u015blinnej i ograniczanie marnowania \u017cywno\u015bci.<\/p>\r\n<\/li>\r\n<li>\r\n<p class=\"my-0\">Udzia\u0142 w edukacji klimatycznej i dzielenie si\u0119 wiedz\u0105 z innymi.<\/p>\r\n<\/li>\r\n<\/ul>\r\n<p>&nbsp;<\/p>\r\n<\/div>\r\n<\/div>\r\n<\/div>\r\n<\/div>\r\n<\/div>\r\n<\/div>\r\n<\/div>\r\n<\/div>\r\n<\/div>\r\n<\/div>\r\n<\/div>\r\n<div class=\"wp-block-columns\"><!-- \/wp:column --><\/div><!-- \/wp:post-content --><!-- \/wp:columns -->\r\n\r\n<!-- wp:columns -->\r\n<div class=\"wp-block-columns\"><!-- wp:column -->\r\n<div class=\"wp-block-column\">\r\n<p class=\"my-0\">Co si\u0119 stanie, je\u015bli nie zatrzymamy wzrostu temperatury? Ju\u017c dzi\u015b obserwujemy zmiany, kt\u00f3re jeszcze kilka dekad temu wydawa\u0142y si\u0119 odleg\u0142\u0105 przysz\u0142o\u015bci\u0105. Fale upa\u0142\u00f3w staj\u0105 si\u0119 coraz bardziej intensywne, a rekordowe temperatury padaj\u0105 nawet w miejscach, kt\u00f3re dot\u0105d uchodzi\u0142y za umiarkowane. W 2024 roku Europa do\u015bwiadczy\u0142a najgor\u0119tszego lata w historii, a miasta takie jak Pary\u017c czy Warszawa bi\u0142y rekordy ciep\u0142a. Dla wielu ludzi, zw\u0142aszcza starszych czy przewlekle chorych, upa\u0142y to nie tylko dyskomfort, ale realne zagro\u017cenie \u017cycia.<\/p>\r\n<p><img loading=\"lazy\" decoding=\"async\" class=\"aligncenter\" src=\"https:\/\/cdn.pixabay.com\/photo\/2020\/02\/12\/08\/15\/trees-4841989_1280.jpg\" alt=\"Drzewa, \u017bycie Po \u015amierci\" width=\"600\" height=\"420\" \/><\/p>\r\n<p class=\"my-0\">Zmiany klimatu nie ograniczaj\u0105 si\u0119 jednak do temperatury powietrza. Gdy na po\u0142udniu Europy rolnicy patrz\u0105 z niepokojem na wysychaj\u0105ce pola, w innych cz\u0119\u015bciach \u015bwiata mieszka\u0144cy walcz\u0105 z powodziami, kt\u00f3re niszcz\u0105 domy i infrastruktur\u0119. Woda \u2013 niegdy\u015b symbol \u017cycia \u2013 staje si\u0119 coraz cz\u0119\u015bciej \u017ar\u00f3d\u0142em konflikt\u00f3w i problem\u00f3w, bo jej dost\u0119pno\u015b\u0107 jest coraz bardziej niepewna.<\/p>\r\n<\/div>\r\n<h2 id=\"przyroda-na-rozdrou\" class=\"mb-2 mt-6 text-base font-[500] first:mt-0 md:text-lg dark:font-[475] [hr+&amp;]:mt-4\">Przyroda na rozdro\u017cu<\/h2>\r\n<p><!-- \/wp:column -->\r\n\r\n<!-- wp:columns --><\/p>\r\n<div class=\"wp-block-columns\"><!-- wp:column -->\r\n<div class=\"wp-block-column\">\r\n<p class=\"my-0\">Nie tylko ludzie odczuwaj\u0105 skutki ocieplenia. Przyroda, kt\u00f3ra przez tysi\u0105ce lat wypracowa\u0142a swoje rytmy i zale\u017cno\u015bci, zaczyna si\u0119 gubi\u0107 w nowej rzeczywisto\u015bci. Rafy koralowe, uznawane za podwodne lasy tropikalne, s\u0105 wyj\u0105tkowo wra\u017cliwe na wzrost temperatury ocean\u00f3w. Ju\u017c dzi\u015b obserwujemy ich masowe wybielanie i wymieranie. Je\u015bli przekroczymy pr\u00f3g 1,5\u00b0C, niemal wszystkie rafy mog\u0105 znikn\u0105\u0107 \u2013 a wraz z nimi tysi\u0105ce gatunk\u00f3w ryb i innych morskich stworze\u0144.<\/p>\r\n<p><img loading=\"lazy\" decoding=\"async\" class=\"aligncenter\" src=\"https:\/\/cdn.pixabay.com\/photo\/2013\/07\/28\/03\/25\/lady-musgrave-island-168289_1280.jpg\" alt=\"Pani Musgrave Wyspa, Queensland\" width=\"600\" height=\"372\" \/><\/p>\r\n<p class=\"my-0\">Podobnie dramatyczne zmiany zachodz\u0105 na l\u0105dzie. Zmniejszaj\u0105 si\u0119 populacje owad\u00f3w zapylaj\u0105cych, bez kt\u00f3rych nie by\u0142oby wielu owoc\u00f3w i warzyw. Zwierz\u0119ta i ro\u015bliny pr\u00f3buj\u0105 przystosowa\u0107 si\u0119 do nowych warunk\u00f3w, migruj\u0105c w kierunku biegun\u00f3w lub wy\u017cej w g\u00f3ry. Jednak nie wszystkim si\u0119 to udaje \u2013 tempo zmian jest po prostu zbyt szybkie. W rezultacie grozi nam masowe wymieranie gatunk\u00f3w, kt\u00f3re jeszcze niedawno uznawali\u015bmy za powszechne.<\/p>\r\n<h2 id=\"ekstremalne-zjawiska--nowa-codzienno\" class=\"mb-2 mt-6 text-base font-[500] first:mt-0 md:text-lg dark:font-[475] [hr+&amp;]:mt-4\">Ekstremalne zjawiska \u2013 nowa codzienno\u015b\u0107<\/h2>\r\n<p><!-- \/wp:heading -->\r\n\r\n<!-- wp:columns --><\/p>\r\n<div class=\"wp-block-columns\"><!-- wp:column -->\r\n<div class=\"wp-block-column\">\r\n<p class=\"my-0\">Wzrost temperatury o 1,5\u00b0C to nie tylko cieplejsze lato. To tak\u017ce coraz cz\u0119stsze ekstremalne zjawiska pogodowe: huragany, kt\u00f3re pustosz\u0105 wybrze\u017ca, po\u017cary las\u00f3w ogarniaj\u0105ce ca\u0142e regiony, gwa\u0142towne burze i powodzie. Ka\u017cde z tych wydarze\u0144 to tragedia dla ludzi, kt\u00f3rzy trac\u0105 domy, dorobek \u017cycia, a czasem tak\u017ce bliskich. Zmienia si\u0119 te\u017c krajobraz gospodarczy \u2013 rosn\u0105 koszty odbudowy, ubezpieczenia staj\u0105 si\u0119 dro\u017csze, a niekt\u00f3re regiony przestaj\u0105 by\u0107 atrakcyjne do \u017cycia i pracy.<\/p>\r\n<p class=\"my-0\">Topniej\u0105ce lodowce i podnosz\u0105cy si\u0119 poziom m\u00f3rz to kolejne wyzwania. Wielkie miasta po\u0142o\u017cone na wybrze\u017cach \u2013 od Miami po D\u017cakart\u0119 \u2013 musz\u0105 ju\u017c dzi\u015b planowa\u0107 kosztowne inwestycje w ochron\u0119 przed zalaniem. Miliony ludzi na ca\u0142ym \u015bwiecie mog\u0105 zosta\u0107 zmuszone do opuszczenia swoich dom\u00f3w, staj\u0105c si\u0119 uchod\u017acami klimatycznymi.<\/p>\r\n<h2 id=\"gospodarka-i-spoeczestwo-pod-presj\" class=\"mb-2 mt-6 text-base font-[500] first:mt-0 md:text-lg dark:font-[475] [hr+&amp;]:mt-4\">Gospodarka i spo\u0142ecze\u0144stwo pod presj\u0105<\/h2>\r\n<p><!-- \/wp:heading -->\r\n\r\n<!-- wp:columns --><\/p>\r\n<div class=\"wp-block-columns\"><!-- wp:column -->\r\n<div class=\"wp-block-column\">\r\n<p class=\"my-0\">Zmiany klimatyczne to nie tylko problem ekologiczny, ale te\u017c spo\u0142eczny i ekonomiczny. Susze i powodzie wp\u0142ywaj\u0105 na ceny \u017cywno\u015bci, a niestabilno\u015b\u0107 pogodowa utrudnia planowanie upraw. Kraje rozwijaj\u0105ce si\u0119, kt\u00f3re najmniej przyczyni\u0142y si\u0119 do globalnego ocieplenia, cz\u0119sto ponosz\u0105 jego najwi\u0119ksze koszty. To rodzi napi\u0119cia, konflikty o zasoby i migracje na niespotykan\u0105 dot\u0105d skal\u0119.<\/p>\r\n<p class=\"my-0\">Wzrost temperatury wp\u0142ywa te\u017c na zdrowie psychiczne. Coraz wi\u0119cej os\u00f3b odczuwa tzw. \u201el\u0119k klimatyczny\u201d \u2013 obaw\u0119 o przysz\u0142o\u015b\u0107 swoj\u0105 i bliskich. Dzieci i m\u0142odzie\u017c pytaj\u0105, czy w og\u00f3le warto planowa\u0107 \u017cycie na planecie, kt\u00f3ra zmienia si\u0119 w tak nieprzewidywalny spos\u00f3b.<\/p>\r\n<h2 id=\"czy-jest-jeszcze-nadzieja\" class=\"mb-2 mt-6 text-base font-[500] first:mt-0 md:text-lg dark:font-[475] [hr+&amp;]:mt-4\">Czy jest jeszcze nadzieja?<\/h2>\r\n<p><!-- \/wp:heading -->\r\n\r\n<!-- wp:columns --><\/p>\r\n<div class=\"wp-block-columns\"><!-- wp:column -->\r\n<div class=\"wp-block-column\">\r\n<p class=\"my-0\">Mo\u017cna odnie\u015b\u0107 wra\u017cenie, \u017ce sytuacja jest beznadziejna. Jednak nauka daje nam jasny sygna\u0142: ka\u017cde dzia\u0142anie na rzecz ograniczenia emisji gaz\u00f3w cieplarnianych ma znaczenie. Im szybciej przejdziemy na odnawialne \u017ar\u00f3d\u0142a energii, zmienimy nawyki konsumpcyjne i zaczniemy dba\u0107 o \u015brodowisko, tym wi\u0119ksza szansa, \u017ce zatrzymamy si\u0119 przed przekroczeniem niebezpiecznego progu.<\/p>\r\n<p class=\"my-0\">To nie jest wy\u015bcig, w kt\u00f3rym liczy si\u0119 tylko technologia czy polityka \u2013 to tak\u017ce kwestia codziennych wybor\u00f3w ka\u017cdego z nas. Ograniczenie marnowania jedzenia, wyb\u00f3r transportu publicznego, wsparcie dla inicjatyw ekologicznych \u2013 to wszystko sk\u0142ada si\u0119 na wi\u0119ksz\u0105 zmian\u0119.<\/p>\r\n<h2 id=\"przyszo-w-naszych-rkach--jak-moemy-zatrzyma-katast\" class=\"mb-2 mt-6 text-base font-[500] first:mt-0 md:text-lg dark:font-[475] [hr+&amp;]:mt-4\">Przysz\u0142o\u015b\u0107 w naszych r\u0119kach \u2013 jak mo\u017cemy zatrzyma\u0107 katastrof\u0119 klimatyczn\u0105?<\/h2>\r\n<p><!-- \/wp:heading -->\r\n\r\n<!-- wp:columns --><\/p>\r\n<div class=\"wp-block-columns\"><!-- wp:column -->\r\n<div class=\"wp-block-column\">Cho\u0107 perspektywa katastrofy klimatycznej mo\u017ce wydawa\u0107 si\u0119 przyt\u0142aczaj\u0105ca, to w\u0142a\u015bnie teraz \u2013 bardziej ni\u017c kiedykolwiek \u2013 przysz\u0142o\u015b\u0107 naszej planety zale\u017cy od wsp\u00f3lnych dzia\u0142a\u0144 ludzko\u015bci. Ka\u017cdy z nas, zar\u00f3wno jako jednostka, jak i cz\u0119\u015b\u0107 wi\u0119kszej spo\u0142eczno\u015bci, ma realny wp\u0142yw na to, czy przekroczymy niebezpieczny pr\u00f3g 1,5\u00b0C, czy te\u017c zdo\u0142amy go unikn\u0105\u0107 i zapewni\u0107 przysz\u0142ym pokoleniom bezpieczniejszy \u015bwiat.<br \/>Zmiana musi nast\u0105pi\u0107 na wszystkich poziomach: od indywidualnych wybor\u00f3w, przez dzia\u0142ania spo\u0142eczno\u015bci lokalnych, po globalne strategie rz\u0105d\u00f3w i biznesu. Kluczowe s\u0105 dwa podej\u015bcia: ograniczanie przyczyn zmian klimatu (tzw. <em>mitigacja<\/em>) oraz adaptacja do ju\u017c zachodz\u0105cych zmian (<em>adaptacja<\/em>).<br \/>\r\n<h3 class=\"mb-xs mt-5 text-base font-[500] first:mt-0 dark:font-[475]\">Co mo\u017cemy zrobi\u0107 jako spo\u0142ecze\u0144stwo i jednostki?<\/h3>\r\n<p class=\"my-0\">Przede wszystkim, musimy radykalnie ograniczy\u0107 emisje gaz\u00f3w cieplarnianych. To oznacza szybkie odej\u015bcie od paliw kopalnych \u2013 w\u0119gla, ropy i gazu \u2013 i przej\u015bcie na czyste \u017ar\u00f3d\u0142a energii, takie jak s\u0142o\u0144ce, wiatr czy energia wodna. Inwestowanie w odnawialne \u017ar\u00f3d\u0142a energii, modernizacja sieci energetycznych oraz poprawa efektywno\u015bci energetycznej budynk\u00f3w i urz\u0105dze\u0144 to dzia\u0142ania, kt\u00f3re mog\u0105 znacz\u0105co zmniejszy\u0107 nasz \u015blad w\u0119glowy.<br \/><br \/>Transport to kolejny obszar, gdzie zmiana ma ogromne znaczenie. Warto wybiera\u0107 komunikacj\u0119 publiczn\u0105, rower, spacer, a je\u015bli samoch\u00f3d \u2013 to najlepiej elektryczny. Rz\u0105dy mog\u0105 wspiera\u0107 rozw\u00f3j infrastruktury dla pojazd\u00f3w elektrycznych i promowa\u0107 transport zbiorowy.<br \/><br \/>Rolnictwo i spos\u00f3b od\u017cywiania to tak\u017ce istotne elementy walki z kryzysem klimatycznym. Ograniczenie spo\u017cycia mi\u0119sa i nabia\u0142u, wybieranie produkt\u00f3w lokalnych i sezonowych, a tak\u017ce ograniczenie marnowania \u017cywno\u015bci to proste kroki, kt\u00f3re w skali globalnej maj\u0105 ogromny wp\u0142yw.<br \/><br \/>Nie mo\u017cemy zapomina\u0107 o ochronie i odbudowie przyrody. Lasy, torfowiska, mokrad\u0142a i oceany to naturalne \u201epoch\u0142aniacze\u201d dwutlenku w\u0119gla. Sadzenie drzew, ochrona istniej\u0105cych ekosystem\u00f3w, walka z wylesianiem oraz przywracanie zdegradowanych teren\u00f3w to kluczowe dzia\u0142ania, kt\u00f3re pomagaj\u0105 stabilizowa\u0107 klimat.<br \/><br \/>Adaptacja do zmian, kt\u00f3re ju\u017c zachodz\u0105, jest r\u00f3wnie wa\u017cna. Budowa wa\u0142\u00f3w przeciwpowodziowych, projektowanie miast odpornych na upa\u0142y, rozwijanie rolnictwa odpornego na susz\u0119 czy inwestowanie w systemy wczesnego ostrzegania przed ekstremalnymi zjawiskami pogodowymi to przyk\u0142ady dzia\u0142a\u0144, kt\u00f3re mog\u0105 uratowa\u0107 \u017cycie i ograniczy\u0107 straty.<\/p>\r\n<h3 class=\"mb-xs mt-5 text-base font-[500] first:mt-0 dark:font-[475]\">Rola polityki, edukacji i wsp\u00f3lnot lokalnych<\/h3>\r\n<p class=\"my-0\">Niezwykle wa\u017cne jest, by domaga\u0107 si\u0119 od rz\u0105d\u00f3w i biznesu ambitnych dzia\u0142a\u0144 na rzecz klimatu \u2013 od wprowadzania regulacji i podatk\u00f3w w\u0119glowych, przez wsparcie dla innowacji, po inwestycje w zielone technologie i sprawiedliw\u0105 transformacj\u0119 energetyczn\u0105. Ka\u017cdy z nas mo\u017ce wp\u0142ywa\u0107 na polityk\u00f3w, podpisywa\u0107 petycje, bra\u0107 udzia\u0142 w konsultacjach spo\u0142ecznych i wspiera\u0107 organizacje dzia\u0142aj\u0105ce na rzecz klimatu.<br \/><br \/>Edukacja i budowanie \u015bwiadomo\u015bci to podstawa \u2013 zar\u00f3wno w\u015br\u00f3d doros\u0142ych, jak i dzieci. Im wi\u0119cej wiemy o przyczynach i skutkach zmian klimatu, tym \u0142atwiej podejmowa\u0107 m\u0105dre decyzje i inspirowa\u0107 innych do dzia\u0142ania.<\/p>\r\n<h3 class=\"mb-xs mt-5 text-base font-[500] first:mt-0 dark:font-[475]\">Przyk\u0142ady dzia\u0142a\u0144, kt\u00f3re maj\u0105 znaczenie:<\/h3>\r\n<ul class=\"marker:text-textOff list-disc\">\r\n<li>\r\n<p class=\"my-0\">Zrezygnowanie z jednorazowych plastik\u00f3w i ograniczenie konsumpcji.<\/p>\r\n<\/li>\r\n<li>\r\n<p class=\"my-0\">Modernizacja dom\u00f3w \u2013 lepsza izolacja, pompy ciep\u0142a, panele s\u0142oneczne.<\/p>\r\n<\/li>\r\n<li>\r\n<p class=\"my-0\">Wspieranie lokalnych inicjatyw, sp\u00f3\u0142dzielni energetycznych i miejskich ogrod\u00f3w.<\/p>\r\n<\/li>\r\n<li>\r\n<p class=\"my-0\">Wybieranie produkt\u00f3w z certyfikatami ekologicznymi i fair trade.<\/p>\r\n<\/li>\r\n<li>\r\n<p class=\"my-0\">Udzia\u0142 w akcjach sadzenia drzew i ochrony lokalnej przyrody.<\/p>\r\n<\/li>\r\n<li>\r\n<p class=\"my-0\">Wspieranie rozwoju gospodarki o obiegu zamkni\u0119tym \u2013 naprawianie, ponowne u\u017cycie, recykling.<\/p>\r\n<\/li>\r\n<li>\r\n<p class=\"my-0\">Promowanie diety ro\u015blinnej i ograniczanie marnowania \u017cywno\u015bci.<\/p>\r\n<\/li>\r\n<li>\r\n<p class=\"my-0\">Udzia\u0142 w edukacji klimatycznej i dzielenie si\u0119 wiedz\u0105 z innymi.<\/p>\r\n<\/li>\r\n<\/ul>\r\n<p>&nbsp;<\/p>\r\n<\/div>\r\n<\/div>\r\n<\/div>\r\n<\/div>\r\n<\/div>\r\n<\/div>\r\n<\/div>\r\n<\/div>\r\n<\/div>\r\n<\/div>\r\n<\/div>\r\n<div class=\"wp-block-columns\"><!-- \/wp:column --><\/div><!-- \/wp:post-content --><!-- \/wp:columns -->\r\n\r\n<!-- wp:gallery {\"linkTo\":\"none\",\"align\":\"wide\"} -->\r\n<figure class=\"wp-block-gallery alignwide has-nested-images columns-default is-cropped\"><!-- wp:image {\"id\":2694,\"sizeSlug\":\"large\",\"linkDestination\":\"none\"} --><\/figure>\r\n<p><img loading=\"lazy\" decoding=\"async\" class=\" wp-image-3272 aligncenter\" src=\"https:\/\/mojaplaneta.pl\/wp-content\/uploads\/2023\/07\/rafa_koralowa01-300x186.jpg\" alt=\"\" width=\"575\" height=\"357\" srcset=\"https:\/\/mojaplaneta.pl\/wp-content\/uploads\/2023\/07\/rafa_koralowa01-300x186.jpg 300w, https:\/\/mojaplaneta.pl\/wp-content\/uploads\/2023\/07\/rafa_koralowa01-1024x634.jpg 1024w, https:\/\/mojaplaneta.pl\/wp-content\/uploads\/2023\/07\/rafa_koralowa01-768x476.jpg 768w, https:\/\/mojaplaneta.pl\/wp-content\/uploads\/2023\/07\/rafa_koralowa01.jpg 1280w\" sizes=\"auto, (max-width: 575px) 100vw, 575px\" \/><\/p>\r\n<!-- \/wp:image -->\r\n\r\n<!-- wp:paragraph \/-->\r\n\r\n<!-- wp:heading \/-->\r\n\r\n<!-- wp:heading -->\r\n<h2 id=\"wiat-na-krawdzi\" class=\"mb-2 mt-6 text-base font-[500] first:mt-0 md:text-lg dark:font-[475] [hr+&amp;]:mt-4\">\u015awiat na kraw\u0119dzi<\/h2>\r\n<!-- \/wp:heading -->\r\n\r\n<!-- wp:columns -->\r\n<div class=\"wp-block-columns\"><!-- wp:column -->\r\n<div class=\"wp-block-column\">\r\n<p class=\"my-0\">Co si\u0119 stanie, je\u015bli nie zatrzymamy wzrostu temperatury? Ju\u017c dzi\u015b obserwujemy zmiany, kt\u00f3re jeszcze kilka dekad temu wydawa\u0142y si\u0119 odleg\u0142\u0105 przysz\u0142o\u015bci\u0105. Fale upa\u0142\u00f3w staj\u0105 si\u0119 coraz bardziej intensywne, a rekordowe temperatury padaj\u0105 nawet w miejscach, kt\u00f3re dot\u0105d uchodzi\u0142y za umiarkowane. W 2024 roku Europa do\u015bwiadczy\u0142a najgor\u0119tszego lata w historii, a miasta takie jak Pary\u017c czy Warszawa bi\u0142y rekordy ciep\u0142a. Dla wielu ludzi, zw\u0142aszcza starszych czy przewlekle chorych, upa\u0142y to nie tylko dyskomfort, ale realne zagro\u017cenie \u017cycia.<\/p>\r\n<p><img loading=\"lazy\" decoding=\"async\" class=\"aligncenter\" src=\"https:\/\/cdn.pixabay.com\/photo\/2020\/02\/12\/08\/15\/trees-4841989_1280.jpg\" alt=\"Drzewa, \u017bycie Po \u015amierci\" width=\"600\" height=\"420\" \/><\/p>\r\n<p class=\"my-0\">Zmiany klimatu nie ograniczaj\u0105 si\u0119 jednak do temperatury powietrza. Gdy na po\u0142udniu Europy rolnicy patrz\u0105 z niepokojem na wysychaj\u0105ce pola, w innych cz\u0119\u015bciach \u015bwiata mieszka\u0144cy walcz\u0105 z powodziami, kt\u00f3re niszcz\u0105 domy i infrastruktur\u0119. Woda \u2013 niegdy\u015b symbol \u017cycia \u2013 staje si\u0119 coraz cz\u0119\u015bciej \u017ar\u00f3d\u0142em konflikt\u00f3w i problem\u00f3w, bo jej dost\u0119pno\u015b\u0107 jest coraz bardziej niepewna.<\/p>\r\n<\/div>\r\n<h2 id=\"przyroda-na-rozdrou\" class=\"mb-2 mt-6 text-base font-[500] first:mt-0 md:text-lg dark:font-[475] [hr+&amp;]:mt-4\">Przyroda na rozdro\u017cu<\/h2>\r\n<p><!-- \/wp:heading -->\r\n\r\n<!-- wp:columns --><\/p>\r\n<div class=\"wp-block-columns\"><!-- wp:column -->\r\n<div class=\"wp-block-column\">\r\n<p class=\"my-0\">Nie tylko ludzie odczuwaj\u0105 skutki ocieplenia. Przyroda, kt\u00f3ra przez tysi\u0105ce lat wypracowa\u0142a swoje rytmy i zale\u017cno\u015bci, zaczyna si\u0119 gubi\u0107 w nowej rzeczywisto\u015bci. Rafy koralowe, uznawane za podwodne lasy tropikalne, s\u0105 wyj\u0105tkowo wra\u017cliwe na wzrost temperatury ocean\u00f3w. Ju\u017c dzi\u015b obserwujemy ich masowe wybielanie i wymieranie. Je\u015bli przekroczymy pr\u00f3g 1,5\u00b0C, niemal wszystkie rafy mog\u0105 znikn\u0105\u0107 \u2013 a wraz z nimi tysi\u0105ce gatunk\u00f3w ryb i innych morskich stworze\u0144.<\/p>\r\n<p><img loading=\"lazy\" decoding=\"async\" class=\"aligncenter\" src=\"https:\/\/cdn.pixabay.com\/photo\/2013\/07\/28\/03\/25\/lady-musgrave-island-168289_1280.jpg\" alt=\"Pani Musgrave Wyspa, Queensland\" width=\"600\" height=\"372\" \/><\/p>\r\n<p class=\"my-0\">Podobnie dramatyczne zmiany zachodz\u0105 na l\u0105dzie. Zmniejszaj\u0105 si\u0119 populacje owad\u00f3w zapylaj\u0105cych, bez kt\u00f3rych nie by\u0142oby wielu owoc\u00f3w i warzyw. Zwierz\u0119ta i ro\u015bliny pr\u00f3buj\u0105 przystosowa\u0107 si\u0119 do nowych warunk\u00f3w, migruj\u0105c w kierunku biegun\u00f3w lub wy\u017cej w g\u00f3ry. Jednak nie wszystkim si\u0119 to udaje \u2013 tempo zmian jest po prostu zbyt szybkie. W rezultacie grozi nam masowe wymieranie gatunk\u00f3w, kt\u00f3re jeszcze niedawno uznawali\u015bmy za powszechne.<\/p>\r\n<h2 id=\"ekstremalne-zjawiska--nowa-codzienno\" class=\"mb-2 mt-6 text-base font-[500] first:mt-0 md:text-lg dark:font-[475] [hr+&amp;]:mt-4\">Ekstremalne zjawiska \u2013 nowa codzienno\u015b\u0107<\/h2>\r\n<p><!-- \/wp:heading -->\r\n\r\n<!-- wp:columns --><\/p>\r\n<div class=\"wp-block-columns\"><!-- wp:column -->\r\n<div class=\"wp-block-column\">\r\n<p class=\"my-0\">Wzrost temperatury o 1,5\u00b0C to nie tylko cieplejsze lato. To tak\u017ce coraz cz\u0119stsze ekstremalne zjawiska pogodowe: huragany, kt\u00f3re pustosz\u0105 wybrze\u017ca, po\u017cary las\u00f3w ogarniaj\u0105ce ca\u0142e regiony, gwa\u0142towne burze i powodzie. Ka\u017cde z tych wydarze\u0144 to tragedia dla ludzi, kt\u00f3rzy trac\u0105 domy, dorobek \u017cycia, a czasem tak\u017ce bliskich. Zmienia si\u0119 te\u017c krajobraz gospodarczy \u2013 rosn\u0105 koszty odbudowy, ubezpieczenia staj\u0105 si\u0119 dro\u017csze, a niekt\u00f3re regiony przestaj\u0105 by\u0107 atrakcyjne do \u017cycia i pracy.<\/p>\r\n<p class=\"my-0\">Topniej\u0105ce lodowce i podnosz\u0105cy si\u0119 poziom m\u00f3rz to kolejne wyzwania. Wielkie miasta po\u0142o\u017cone na wybrze\u017cach \u2013 od Miami po D\u017cakart\u0119 \u2013 musz\u0105 ju\u017c dzi\u015b planowa\u0107 kosztowne inwestycje w ochron\u0119 przed zalaniem. Miliony ludzi na ca\u0142ym \u015bwiecie mog\u0105 zosta\u0107 zmuszone do opuszczenia swoich dom\u00f3w, staj\u0105c si\u0119 uchod\u017acami klimatycznymi.<\/p>\r\n<h2 id=\"gospodarka-i-spoeczestwo-pod-presj\" class=\"mb-2 mt-6 text-base font-[500] first:mt-0 md:text-lg dark:font-[475] [hr+&amp;]:mt-4\">Gospodarka i spo\u0142ecze\u0144stwo pod presj\u0105<\/h2>\r\n<p><!-- \/wp:heading -->\r\n\r\n<!-- wp:columns --><\/p>\r\n<div class=\"wp-block-columns\"><!-- wp:column -->\r\n<div class=\"wp-block-column\">\r\n<p class=\"my-0\">Zmiany klimatyczne to nie tylko problem ekologiczny, ale te\u017c spo\u0142eczny i ekonomiczny. Susze i powodzie wp\u0142ywaj\u0105 na ceny \u017cywno\u015bci, a niestabilno\u015b\u0107 pogodowa utrudnia planowanie upraw. Kraje rozwijaj\u0105ce si\u0119, kt\u00f3re najmniej przyczyni\u0142y si\u0119 do globalnego ocieplenia, cz\u0119sto ponosz\u0105 jego najwi\u0119ksze koszty. To rodzi napi\u0119cia, konflikty o zasoby i migracje na niespotykan\u0105 dot\u0105d skal\u0119.<\/p>\r\n<p class=\"my-0\">Wzrost temperatury wp\u0142ywa te\u017c na zdrowie psychiczne. Coraz wi\u0119cej os\u00f3b odczuwa tzw. \u201el\u0119k klimatyczny\u201d \u2013 obaw\u0119 o przysz\u0142o\u015b\u0107 swoj\u0105 i bliskich. Dzieci i m\u0142odzie\u017c pytaj\u0105, czy w og\u00f3le warto planowa\u0107 \u017cycie na planecie, kt\u00f3ra zmienia si\u0119 w tak nieprzewidywalny spos\u00f3b.<\/p>\r\n<h2 id=\"czy-jest-jeszcze-nadzieja\" class=\"mb-2 mt-6 text-base font-[500] first:mt-0 md:text-lg dark:font-[475] [hr+&amp;]:mt-4\">Czy jest jeszcze nadzieja?<\/h2>\r\n<p><!-- \/wp:heading -->\r\n\r\n<!-- wp:columns --><\/p>\r\n<div class=\"wp-block-columns\"><!-- wp:column -->\r\n<div class=\"wp-block-column\">\r\n<p class=\"my-0\">Mo\u017cna odnie\u015b\u0107 wra\u017cenie, \u017ce sytuacja jest beznadziejna. Jednak nauka daje nam jasny sygna\u0142: ka\u017cde dzia\u0142anie na rzecz ograniczenia emisji gaz\u00f3w cieplarnianych ma znaczenie. Im szybciej przejdziemy na odnawialne \u017ar\u00f3d\u0142a energii, zmienimy nawyki konsumpcyjne i zaczniemy dba\u0107 o \u015brodowisko, tym wi\u0119ksza szansa, \u017ce zatrzymamy si\u0119 przed przekroczeniem niebezpiecznego progu.<\/p>\r\n<p class=\"my-0\">To nie jest wy\u015bcig, w kt\u00f3rym liczy si\u0119 tylko technologia czy polityka \u2013 to tak\u017ce kwestia codziennych wybor\u00f3w ka\u017cdego z nas. Ograniczenie marnowania jedzenia, wyb\u00f3r transportu publicznego, wsparcie dla inicjatyw ekologicznych \u2013 to wszystko sk\u0142ada si\u0119 na wi\u0119ksz\u0105 zmian\u0119.<\/p>\r\n<h2 id=\"przyszo-w-naszych-rkach--jak-moemy-zatrzyma-katast\" class=\"mb-2 mt-6 text-base font-[500] first:mt-0 md:text-lg dark:font-[475] [hr+&amp;]:mt-4\">Przysz\u0142o\u015b\u0107 w naszych r\u0119kach \u2013 jak mo\u017cemy zatrzyma\u0107 katastrof\u0119 klimatyczn\u0105?<\/h2>\r\n<p><!-- \/wp:heading -->\r\n\r\n<!-- wp:columns --><\/p>\r\n<div class=\"wp-block-columns\"><!-- wp:column -->\r\n<div class=\"wp-block-column\">Cho\u0107 perspektywa katastrofy klimatycznej mo\u017ce wydawa\u0107 si\u0119 przyt\u0142aczaj\u0105ca, to w\u0142a\u015bnie teraz \u2013 bardziej ni\u017c kiedykolwiek \u2013 przysz\u0142o\u015b\u0107 naszej planety zale\u017cy od wsp\u00f3lnych dzia\u0142a\u0144 ludzko\u015bci. Ka\u017cdy z nas, zar\u00f3wno jako jednostka, jak i cz\u0119\u015b\u0107 wi\u0119kszej spo\u0142eczno\u015bci, ma realny wp\u0142yw na to, czy przekroczymy niebezpieczny pr\u00f3g 1,5\u00b0C, czy te\u017c zdo\u0142amy go unikn\u0105\u0107 i zapewni\u0107 przysz\u0142ym pokoleniom bezpieczniejszy \u015bwiat.<br \/>Zmiana musi nast\u0105pi\u0107 na wszystkich poziomach: od indywidualnych wybor\u00f3w, przez dzia\u0142ania spo\u0142eczno\u015bci lokalnych, po globalne strategie rz\u0105d\u00f3w i biznesu. Kluczowe s\u0105 dwa podej\u015bcia: ograniczanie przyczyn zmian klimatu (tzw. <em>mitigacja<\/em>) oraz adaptacja do ju\u017c zachodz\u0105cych zmian (<em>adaptacja<\/em>).<br \/>\r\n<h3 class=\"mb-xs mt-5 text-base font-[500] first:mt-0 dark:font-[475]\">Co mo\u017cemy zrobi\u0107 jako spo\u0142ecze\u0144stwo i jednostki?<\/h3>\r\n<p class=\"my-0\">Przede wszystkim, musimy radykalnie ograniczy\u0107 emisje gaz\u00f3w cieplarnianych. To oznacza szybkie odej\u015bcie od paliw kopalnych \u2013 w\u0119gla, ropy i gazu \u2013 i przej\u015bcie na czyste \u017ar\u00f3d\u0142a energii, takie jak s\u0142o\u0144ce, wiatr czy energia wodna. Inwestowanie w odnawialne \u017ar\u00f3d\u0142a energii, modernizacja sieci energetycznych oraz poprawa efektywno\u015bci energetycznej budynk\u00f3w i urz\u0105dze\u0144 to dzia\u0142ania, kt\u00f3re mog\u0105 znacz\u0105co zmniejszy\u0107 nasz \u015blad w\u0119glowy.<br \/><br \/>Transport to kolejny obszar, gdzie zmiana ma ogromne znaczenie. Warto wybiera\u0107 komunikacj\u0119 publiczn\u0105, rower, spacer, a je\u015bli samoch\u00f3d \u2013 to najlepiej elektryczny. Rz\u0105dy mog\u0105 wspiera\u0107 rozw\u00f3j infrastruktury dla pojazd\u00f3w elektrycznych i promowa\u0107 transport zbiorowy.<br \/><br \/>Rolnictwo i spos\u00f3b od\u017cywiania to tak\u017ce istotne elementy walki z kryzysem klimatycznym. Ograniczenie spo\u017cycia mi\u0119sa i nabia\u0142u, wybieranie produkt\u00f3w lokalnych i sezonowych, a tak\u017ce ograniczenie marnowania \u017cywno\u015bci to proste kroki, kt\u00f3re w skali globalnej maj\u0105 ogromny wp\u0142yw.<br \/><br \/>Nie mo\u017cemy zapomina\u0107 o ochronie i odbudowie przyrody. Lasy, torfowiska, mokrad\u0142a i oceany to naturalne \u201epoch\u0142aniacze\u201d dwutlenku w\u0119gla. Sadzenie drzew, ochrona istniej\u0105cych ekosystem\u00f3w, walka z wylesianiem oraz przywracanie zdegradowanych teren\u00f3w to kluczowe dzia\u0142ania, kt\u00f3re pomagaj\u0105 stabilizowa\u0107 klimat.<br \/><br \/>Adaptacja do zmian, kt\u00f3re ju\u017c zachodz\u0105, jest r\u00f3wnie wa\u017cna. Budowa wa\u0142\u00f3w przeciwpowodziowych, projektowanie miast odpornych na upa\u0142y, rozwijanie rolnictwa odpornego na susz\u0119 czy inwestowanie w systemy wczesnego ostrzegania przed ekstremalnymi zjawiskami pogodowymi to przyk\u0142ady dzia\u0142a\u0144, kt\u00f3re mog\u0105 uratowa\u0107 \u017cycie i ograniczy\u0107 straty.<\/p>\r\n<h3 class=\"mb-xs mt-5 text-base font-[500] first:mt-0 dark:font-[475]\">Rola polityki, edukacji i wsp\u00f3lnot lokalnych<\/h3>\r\n<p class=\"my-0\">Niezwykle wa\u017cne jest, by domaga\u0107 si\u0119 od rz\u0105d\u00f3w i biznesu ambitnych dzia\u0142a\u0144 na rzecz klimatu \u2013 od wprowadzania regulacji i podatk\u00f3w w\u0119glowych, przez wsparcie dla innowacji, po inwestycje w zielone technologie i sprawiedliw\u0105 transformacj\u0119 energetyczn\u0105. Ka\u017cdy z nas mo\u017ce wp\u0142ywa\u0107 na polityk\u00f3w, podpisywa\u0107 petycje, bra\u0107 udzia\u0142 w konsultacjach spo\u0142ecznych i wspiera\u0107 organizacje dzia\u0142aj\u0105ce na rzecz klimatu.<br \/><br \/>Edukacja i budowanie \u015bwiadomo\u015bci to podstawa \u2013 zar\u00f3wno w\u015br\u00f3d doros\u0142ych, jak i dzieci. Im wi\u0119cej wiemy o przyczynach i skutkach zmian klimatu, tym \u0142atwiej podejmowa\u0107 m\u0105dre decyzje i inspirowa\u0107 innych do dzia\u0142ania.<\/p>\r\n<h3 class=\"mb-xs mt-5 text-base font-[500] first:mt-0 dark:font-[475]\">Przyk\u0142ady dzia\u0142a\u0144, kt\u00f3re maj\u0105 znaczenie:<\/h3>\r\n<ul class=\"marker:text-textOff list-disc\">\r\n<li>\r\n<p class=\"my-0\">Zrezygnowanie z jednorazowych plastik\u00f3w i ograniczenie konsumpcji.<\/p>\r\n<\/li>\r\n<li>\r\n<p class=\"my-0\">Modernizacja dom\u00f3w \u2013 lepsza izolacja, pompy ciep\u0142a, panele s\u0142oneczne.<\/p>\r\n<\/li>\r\n<li>\r\n<p class=\"my-0\">Wspieranie lokalnych inicjatyw, sp\u00f3\u0142dzielni energetycznych i miejskich ogrod\u00f3w.<\/p>\r\n<\/li>\r\n<li>\r\n<p class=\"my-0\">Wybieranie produkt\u00f3w z certyfikatami ekologicznymi i fair trade.<\/p>\r\n<\/li>\r\n<li>\r\n<p class=\"my-0\">Udzia\u0142 w akcjach sadzenia drzew i ochrony lokalnej przyrody.<\/p>\r\n<\/li>\r\n<li>\r\n<p class=\"my-0\">Wspieranie rozwoju gospodarki o obiegu zamkni\u0119tym \u2013 naprawianie, ponowne u\u017cycie, recykling.<\/p>\r\n<\/li>\r\n<li>\r\n<p class=\"my-0\">Promowanie diety ro\u015blinnej i ograniczanie marnowania \u017cywno\u015bci.<\/p>\r\n<\/li>\r\n<li>\r\n<p class=\"my-0\">Udzia\u0142 w edukacji klimatycznej i dzielenie si\u0119 wiedz\u0105 z innymi.<\/p>\r\n<\/li>\r\n<\/ul>\r\n<p>&nbsp;<\/p>\r\n<\/div>\r\n<\/div>\r\n<\/div>\r\n<\/div>\r\n<\/div>\r\n<\/div>\r\n<\/div>\r\n<\/div>\r\n<\/div>\r\n<\/div>\r\n<\/div>\r\n<div class=\"wp-block-columns\"><!-- \/wp:column --><\/div><!-- \/wp:post-content -->","protected":false},"excerpt":{"rendered":"<p>Wyobra\u017a sobie, \u017ce \u015bwiat, kt\u00f3ry znasz, zaczyna si\u0119 zmienia\u0107 szybciej, ni\u017c kiedykolwiek wcze\u015bniej. To nie scenariusz filmu science fiction, lecz rzeczywisto\u015b\u0107, kt\u00f3ra zbli\u017ca si\u0119 do nas z ka\u017cdym kolejnym rokiem. Granica 1,5\u00b0C wzrostu \u015bredniej temperatury na Ziemi wzgl\u0119dem epoki przedprzemys\u0142owej sta\u0142a si\u0119 symbolem nadziei i ostrze\u017cenia jednocze\u015bnie \u2013 to linia, kt\u00f3rej przekroczenie mo\u017ce oznacza\u0107 pocz\u0105tek [&hellip;]<\/p>\n","protected":false},"author":1,"featured_media":3267,"comment_status":"open","ping_status":"open","sticky":false,"template":"","format":"standard","meta":{"footnotes":""},"categories":[16],"tags":[],"class_list":["post-2651","post","type-post","status-publish","format-standard","has-post-thumbnail","hentry","category-trends"],"blocksy_meta":{"post_title_panel":"","has_hero_section":"default","ebf38a37a7210e8b2eae1c5591996d46":"","hero_section":"type-2","hero_alignment1":"left","hero_alignment2":"center","hero_height":{"0":"2","1":"3","2":"0","3":"p","4":"x","desktop":"500px","tablet":"500px","mobile":"500px","__changed":[]},"page_title_bg_type":"custom_image","custom_hero_background":{"attachment_id":2710,"url":"https:\/\/startersites.io\/blocksy\/blog\/wp-content\/uploads\/2020\/01\/valdemaras-d-1053561-unsplash-1024x576.jpg"},"parallax":{"desktop":false,"tablet":false,"mobile":false},"50b5de3a778be56786a9251e46da72fb":"","single_meta_elements":{"author":true,"date":true,"categories":true,"comments":true,"updated":false,"tags":false},"has_meta_label":"yes","has_meta_avatar":"yes","date_format_source":"custom","single_meta_date_format":"M j, Y","2a577f849475c33a4c1a0d3c4073d87d":"","page_excerpt_visibility":{"desktop":true,"tablet":true,"mobile":false},"pageTitleFont":{"family":"Default","variation":"Default","size":{"desktop":"32px","tablet":"30px","mobile":"25px"},"line-height":"1.3","letter-spacing":"CT_CSS_SKIP_RULE","text-transform":"CT_CSS_SKIP_RULE","text-decoration":"CT_CSS_SKIP_RULE"},"pageTitleFontColor":{"default":{"color":"var(--theme-palette-color-5)"}},"pageMetaFont":{"family":"Default","variation":"n6","size":{"desktop":"12px","tablet":"12px","mobile":"12px"},"line-height":"1.3","letter-spacing":"CT_CSS_SKIP_RULE","text-transform":"uppercase","text-decoration":"CT_CSS_SKIP_RULE"},"pageMetaFontColor":{"default":{"color":"var(--theme-palette-color-5)"},"hover":{"color":"CT_CSS_SKIP_RULEDEFAULT"}},"pageExcerptFont":{"family":"Default","variation":"n5","size":"CT_CSS_SKIP_RULE","line-height":"CT_CSS_SKIP_RULE","letter-spacing":"CT_CSS_SKIP_RULE","text-transform":"CT_CSS_SKIP_RULE","text-decoration":"CT_CSS_SKIP_RULE"},"pageExcerptColor":{"default":{"color":"var(--theme-palette-color-5)"}},"pageTitleOverlay":{"default":{"color":"rgba(37,47,56,0.8)"}},"pageTitleBackground":{"default":{"color":"#EDEFF2"}},"c7764fac98af92c6a5c27222beea5c37":"","page_structure_type":"default","page_enable_vertical_spacing":"yes","c76ff6799127d978a93e5d2a2c9b6300":"","disable_featured_image":"no","disable_post_tags":"no","disable_share_box":"no","disable_author_box":"no","disable_posts_navigation":"no","disable_subscribe_form":"no","028a4db19490dd22f5c3d45e32718e0b":"","disable_related_posts":"no","37aaf4d2772e9c8c54bf400fbd0b0e1d":"","9a93c94d600aca644e3fbf4dfd03c665":"","41ae1f57ff17b685da862b5df8c7d724":"","1ac3a350f7522e2c588c87303eddcedf":"","80d049fa109fb4d9896a3ae7521bd5bc":"","ed2d5feb9901889785128b6f48c7f315":"","db23e64adc959dbe488395a955a49bb0":"","c9e2b4e094f3311336b240209f013c85":"","8da7ee5ad8fd258e74f67da6e47b6a3c":"","11a1e44498a4ec227933f7ebd033edc1":"","59ae0c00a36d594cfa01df81ad9e0d8b":"","417296c1eb461c7d76aa9df8f0c8afd9":"","styles_descriptor":{"styles":{"desktop":"","tablet":"","mobile":""},"google_fonts":[],"version":6}},"_links":{"self":[{"href":"https:\/\/mojaplaneta.pl\/index.php\/wp-json\/wp\/v2\/posts\/2651","targetHints":{"allow":["GET"]}}],"collection":[{"href":"https:\/\/mojaplaneta.pl\/index.php\/wp-json\/wp\/v2\/posts"}],"about":[{"href":"https:\/\/mojaplaneta.pl\/index.php\/wp-json\/wp\/v2\/types\/post"}],"author":[{"embeddable":true,"href":"https:\/\/mojaplaneta.pl\/index.php\/wp-json\/wp\/v2\/users\/1"}],"replies":[{"embeddable":true,"href":"https:\/\/mojaplaneta.pl\/index.php\/wp-json\/wp\/v2\/comments?post=2651"}],"version-history":[{"count":8,"href":"https:\/\/mojaplaneta.pl\/index.php\/wp-json\/wp\/v2\/posts\/2651\/revisions"}],"predecessor-version":[{"id":3264,"href":"https:\/\/mojaplaneta.pl\/index.php\/wp-json\/wp\/v2\/posts\/2651\/revisions\/3264"}],"wp:featuredmedia":[{"embeddable":true,"href":"https:\/\/mojaplaneta.pl\/index.php\/wp-json\/wp\/v2\/media\/3267"}],"wp:attachment":[{"href":"https:\/\/mojaplaneta.pl\/index.php\/wp-json\/wp\/v2\/media?parent=2651"}],"wp:term":[{"taxonomy":"category","embeddable":true,"href":"https:\/\/mojaplaneta.pl\/index.php\/wp-json\/wp\/v2\/categories?post=2651"},{"taxonomy":"post_tag","embeddable":true,"href":"https:\/\/mojaplaneta.pl\/index.php\/wp-json\/wp\/v2\/tags?post=2651"}],"curies":[{"name":"wp","href":"https:\/\/api.w.org\/{rel}","templated":true}]}}